{"id":117,"date":"2011-01-19T16:29:56","date_gmt":"2011-01-19T16:29:56","guid":{"rendered":"https:\/\/demente.es\/?p=117"},"modified":"2011-01-19T16:33:51","modified_gmt":"2011-01-19T16:33:51","slug":"mandalas","status":"publish","type":"post","link":"https:\/\/demente.es\/?p=117","title":{"rendered":"Mandalas"},"content":{"rendered":"<p style=\"text-align: justify;\">Conocerse a trav\u00e9s de los c\u00edrculos m\u00e1gicos.<\/p>\n<p style=\"text-align: justify;\">Colorear figuras circulares, s\u00edmbolo universal e intemporal por excelencia, constituye un viaje interior de descubrimiento de uno mismo. La acci\u00f3n de colorear un mandala induce a la calma, a la reflexi\u00f3n y a la paz interior al tiempo que habla de nosotros.<\/p>\n<p style=\"text-align: justify;\">El mandala es una imagen simb\u00f3lica circular antiqu\u00edsima muy utilizada en las religiones orientales que representa no solo el cosmos, sino tambi\u00e9n un instrumento de estudio de la personalidad del hombre, una representaci\u00f3n de s\u00ed mismo a trav\u00e9s de las im\u00e1genes y de los colores, un instrumento del pensamiento que se utiliza para meditar.<\/p>\n<p style=\"text-align: justify;\">Todo el mundo utiliza la forma del c\u00edrculo como s\u00edmbolo de la perfecci\u00f3n, de la unidad y de la esencia. Muchas personas utilizan los mandalas por sus virtudes terap\u00e9uticas que permiten recobrar el equilibrio, el conocimiento de uno mismo, la interpretaci\u00f3n de las propias creaciones y la calma interna para poder vivir en paz y en armon\u00eda olvid\u00e1ndonos de los problemas. Las formas conc\u00e9ntricas sugieren una idea de perfecci\u00f3n, de equidistancia con respecto al centro que ayudan a controlar estados de crisis, ansiedad y desequilibrios.<\/p>\n<p style=\"text-align: justify;\">\n<div id=\"attachment_119\" style=\"width: 235px\" class=\"wp-caption aligncenter\"><a rel=\"attachment wp-att-119\" href=\"https:\/\/demente.es\/2011\/01\/mandalas\/mandala-2\/\"><img loading=\"lazy\" decoding=\"async\" aria-describedby=\"caption-attachment-119\" class=\"size-full wp-image-119\" title=\"mandala\" src=\"https:\/\/demente.es\/wp-content\/uploads\/2011\/01\/mandala1.jpg\" alt=\"Mandala\" width=\"225\" height=\"225\" srcset=\"https:\/\/demente.es\/wp-content\/uploads\/2011\/01\/mandala1.jpg 225w, https:\/\/demente.es\/wp-content\/uploads\/2011\/01\/mandala1-150x150.jpg 150w\" sizes=\"auto, (max-width: 225px) 100vw, 225px\" \/><\/a><p id=\"caption-attachment-119\" class=\"wp-caption-text\">Mandala<\/p><\/div>\n<p style=\"text-align: justify;\">El mandala recuerda a ciertas figuras que se pueden encontrar en la naturaleza como, por ejemplo, las telas de ara\u00f1a o a esos c\u00edrculos conc\u00e9ntricos que aparecen en el agua cuando lanzamos una piedra.<\/p>\n<p style=\"text-align: justify;\">Los dise\u00f1os de los mandalas var\u00edan mucho, pero siempre mantienen un centro y una cierta simetr\u00eda, pintar estructuras ya determinadas nos ayuda a circunscribirnos a un momento preexistente(parecido al de la sociedad en la que vivimos) al que aunque podemos cambiar, si que podemos intentar personalizar para recrear algo que antes no exist\u00eda.<\/p>\n<p style=\"text-align: justify;\">Los colores que se utilizan para colorear un mandala son una invitaci\u00f3n expresa para que miremos dentro de nosotros, para concentrarnos, para abrirnos al presente, a la meditaci\u00f3n y a la paz interior.<\/p>\n<p style=\"text-align: justify;\">Una persona que empieza desde el centro hacia el exterior a menudo suele ser equilibrada, segura de s\u00ed, precisa, extrovertida y no siente temor a la hora de exponerse. Por el contrario, quien tiene poca confianza en s\u00ed mismo y est\u00e1 buscando su propia identidad y camino, tiende a colorear partiendo desde el exterior hacia el interior. Este es el caso de personas inseguras e introvertidas que, al irse trasladando hacia el centro, consiguen estabilidad, fuerza y coraje.<\/p>\n<p style=\"text-align: justify;\">Aunque muchas personas coloreasen un mismo mandala, no habr\u00eda dos iguales porque cada ser humano es \u00fanico y diferente.<\/p>\n","protected":false},"excerpt":{"rendered":"<p>Conocerse a trav\u00e9s de los c\u00edrculos m\u00e1gicos. Colorear figuras circulares, s\u00edmbolo universal e intemporal por excelencia, constituye un viaje interior de descubrimiento de uno mismo. La acci\u00f3n de colorear un mandala induce a la calma, a la reflexi\u00f3n y a la paz interior al tiempo que habla de nosotros. El mandala es una imagen simb\u00f3lica [&hellip;]<\/p>\n","protected":false},"author":2,"featured_media":0,"comment_status":"open","ping_status":"closed","sticky":false,"template":"","format":"standard","meta":{"footnotes":""},"categories":[3],"tags":[],"class_list":["post-117","post","type-post","status-publish","format-standard","hentry","category-opinion"],"aioseo_notices":[],"_links":{"self":[{"href":"https:\/\/demente.es\/index.php?rest_route=\/wp\/v2\/posts\/117","targetHints":{"allow":["GET"]}}],"collection":[{"href":"https:\/\/demente.es\/index.php?rest_route=\/wp\/v2\/posts"}],"about":[{"href":"https:\/\/demente.es\/index.php?rest_route=\/wp\/v2\/types\/post"}],"author":[{"embeddable":true,"href":"https:\/\/demente.es\/index.php?rest_route=\/wp\/v2\/users\/2"}],"replies":[{"embeddable":true,"href":"https:\/\/demente.es\/index.php?rest_route=%2Fwp%2Fv2%2Fcomments&post=117"}],"version-history":[{"count":5,"href":"https:\/\/demente.es\/index.php?rest_route=\/wp\/v2\/posts\/117\/revisions"}],"predecessor-version":[{"id":122,"href":"https:\/\/demente.es\/index.php?rest_route=\/wp\/v2\/posts\/117\/revisions\/122"}],"wp:attachment":[{"href":"https:\/\/demente.es\/index.php?rest_route=%2Fwp%2Fv2%2Fmedia&parent=117"}],"wp:term":[{"taxonomy":"category","embeddable":true,"href":"https:\/\/demente.es\/index.php?rest_route=%2Fwp%2Fv2%2Fcategories&post=117"},{"taxonomy":"post_tag","embeddable":true,"href":"https:\/\/demente.es\/index.php?rest_route=%2Fwp%2Fv2%2Ftags&post=117"}],"curies":[{"name":"wp","href":"https:\/\/api.w.org\/{rel}","templated":true}]}}