{"id":125,"date":"2011-01-20T18:07:53","date_gmt":"2011-01-20T18:07:53","guid":{"rendered":"https:\/\/demente.es\/?p=125"},"modified":"2011-01-20T18:08:05","modified_gmt":"2011-01-20T18:08:05","slug":"acoso-escolar","status":"publish","type":"post","link":"https:\/\/demente.es\/?p=125","title":{"rendered":"Acoso escolar"},"content":{"rendered":"<p style=\"text-align: justify;\">Bullying es una palabra inglesa que significa intimidaci\u00f3n. Tristemente est\u00e1 de moda debido a los innumerables casos de persecuci\u00f3n y de agresiones que se est\u00e1n detectando en las escuelas y colegios, y que est\u00e1n llevando a muchos escolares a vivir situaciones verdaderamente aterradoras.<\/p>\n<p style=\"text-align: justify;\">El bullying se refiere a todas formas de actitudes agresivas, intencionadas y repetidas, sin motivaci\u00f3n evidente, adoptada por uno o m\u00e1s estudiantes contra otro u otros. El que lo ejerce impone su poder contra el otro, a base de amenazas, insultos, agresiones, vejaciones, etc. Y as\u00ed tenerlo bajo su dominio.<\/p>\n<p style=\"text-align: justify;\">A la v\u00edctima est\u00e9 maltrato intimidatorio le hace sentir dolor, angustia, miedo, en algunos casos, puede llevarle al suicidio. Los protagonistas de estos casos suelen ser ni\u00f1os y ni\u00f1as en proceso de entrada en la adolescencia (12-13 a\u00f1os), siendo ligeramente mayor el porcentaje de ni\u00f1as.<\/p>\n<p style=\"text-align: justify;\">\n<div id=\"attachment_126\" style=\"width: 268px\" class=\"wp-caption aligncenter\"><a rel=\"attachment wp-att-126\" href=\"https:\/\/demente.es\/2011\/01\/acoso-escolar\/acoso-escolar\/\"><img loading=\"lazy\" decoding=\"async\" aria-describedby=\"caption-attachment-126\" class=\"size-full wp-image-126\" title=\"acoso escolar\" src=\"https:\/\/demente.es\/wp-content\/uploads\/2011\/01\/acoso-escolar.jpg\" alt=\"acoso escolar\" width=\"258\" height=\"195\" \/><\/a><p id=\"caption-attachment-126\" class=\"wp-caption-text\">Acoso escolar<\/p><\/div>\n<p style=\"text-align: justify;\">\ufeff<\/p>\n<p style=\"text-align: justify;\">Normalmente buscan aquellas v\u00edctimas que ellos consideran m\u00e1s vulnerables, en muchas ocasiones tambi\u00e9n por envidia.<\/p>\n<p style=\"text-align: justify;\">Las v\u00edctimas tienen miedo de ir al colegio y de encontrarse con sus agresiones y como sus compa\u00f1eros permanecen quietos, sin defenderles, ni ayudarles ante la situaci\u00f3n. El ni\u00f1o se siente s\u00f3lo y desprotegido, comprobando c\u00f3mo los profesores y el centro escolar generalmente no logra resolver el problema. Por eso es tan importante que seas observador, mu\u00e9strale tu apoyo y haz que desarrolle la seguridad personal necesaria para afrontar el problema y en caso extremo c\u00e1mbialo de centro escolar.<\/p>\n<p style=\"text-align: justify;\">Para prevenir el acoso:<\/p>\n<p style=\"text-align: justify;\">Padres: hay que ser conscientes de la necesidad de educar desde muy temprana edad, corrigiendo las malas formas y conductas de nuestros hijos, con unas reglas que cumplir y unos modos de actuar. Tener una comunicaci\u00f3n cordial y fluida con los hijos.<\/p>\n<p style=\"text-align: justify;\">Centro escolar: adoptar medidas anti-bullying, sin mirar para atr\u00e1s y promoviendo la comunicaci\u00f3n alumno-tutor y concienciando a los ni\u00f1os de la obligaci\u00f3n de informar si son testigos o v\u00edctimas, y en caso necesario, poner vigilantes en el centro escolar.<\/p>\n<p style=\"text-align: justify;\">S\u00e9 que es dif\u00edcil detectarlo, pero lo m\u00e1s importante es actuar con rapidez, para no generar males mayores. Seamos consecuentes, por favor.<\/p>\n","protected":false},"excerpt":{"rendered":"<p>Bullying es una palabra inglesa que significa intimidaci\u00f3n. Tristemente est\u00e1 de moda debido a los innumerables casos de persecuci\u00f3n y de agresiones que se est\u00e1n detectando en las escuelas y colegios, y que est\u00e1n llevando a muchos escolares a vivir situaciones verdaderamente aterradoras. El bullying se refiere a todas formas de actitudes agresivas, intencionadas y [&hellip;]<\/p>\n","protected":false},"author":2,"featured_media":0,"comment_status":"open","ping_status":"closed","sticky":false,"template":"","format":"standard","meta":{"footnotes":""},"categories":[3],"tags":[],"class_list":["post-125","post","type-post","status-publish","format-standard","hentry","category-opinion"],"aioseo_notices":[],"_links":{"self":[{"href":"https:\/\/demente.es\/index.php?rest_route=\/wp\/v2\/posts\/125","targetHints":{"allow":["GET"]}}],"collection":[{"href":"https:\/\/demente.es\/index.php?rest_route=\/wp\/v2\/posts"}],"about":[{"href":"https:\/\/demente.es\/index.php?rest_route=\/wp\/v2\/types\/post"}],"author":[{"embeddable":true,"href":"https:\/\/demente.es\/index.php?rest_route=\/wp\/v2\/users\/2"}],"replies":[{"embeddable":true,"href":"https:\/\/demente.es\/index.php?rest_route=%2Fwp%2Fv2%2Fcomments&post=125"}],"version-history":[{"count":4,"href":"https:\/\/demente.es\/index.php?rest_route=\/wp\/v2\/posts\/125\/revisions"}],"predecessor-version":[{"id":130,"href":"https:\/\/demente.es\/index.php?rest_route=\/wp\/v2\/posts\/125\/revisions\/130"}],"wp:attachment":[{"href":"https:\/\/demente.es\/index.php?rest_route=%2Fwp%2Fv2%2Fmedia&parent=125"}],"wp:term":[{"taxonomy":"category","embeddable":true,"href":"https:\/\/demente.es\/index.php?rest_route=%2Fwp%2Fv2%2Fcategories&post=125"},{"taxonomy":"post_tag","embeddable":true,"href":"https:\/\/demente.es\/index.php?rest_route=%2Fwp%2Fv2%2Ftags&post=125"}],"curies":[{"name":"wp","href":"https:\/\/api.w.org\/{rel}","templated":true}]}}