{"id":132,"date":"2011-01-25T17:47:37","date_gmt":"2011-01-25T17:47:37","guid":{"rendered":"https:\/\/demente.es\/?p=132"},"modified":"2011-01-25T17:47:47","modified_gmt":"2011-01-25T17:47:47","slug":"aprender-a-enfrentarnos-a-la-muerte","status":"publish","type":"post","link":"https:\/\/demente.es\/?p=132","title":{"rendered":"Aprender a enfrentarnos a la muerte."},"content":{"rendered":"<div id=\"attachment_133\" style=\"width: 247px\" class=\"wp-caption aligncenter\"><a rel=\"attachment wp-att-133\" href=\"https:\/\/demente.es\/2011\/01\/aprender-a-enfrentarnos-a-la-muerte\/miedo-a-la-muerte\/\"><img loading=\"lazy\" decoding=\"async\" aria-describedby=\"caption-attachment-133\" class=\"size-full wp-image-133\" title=\"miedo a la muerte\" src=\"https:\/\/demente.es\/wp-content\/uploads\/2011\/01\/miedo-a-la-muerte.jpg\" alt=\"enfrentarnos a la muerte\" width=\"237\" height=\"212\" \/><\/a><p id=\"caption-attachment-133\" class=\"wp-caption-text\">Miedo a la muerte<\/p><\/div>\n<p style=\"text-align: justify;\">La muerte nos afecta a todos por igual. Sufrimos por la muerte de las personas cercanas y nos angustia la perspectiva de nuestra propia desaparici\u00f3n, pero \u00bfcomprendemos realmente el hecho de morir? Aunque pretendemos ignorarla, negarla, no pensar en ella, lo cierto es que su percepci\u00f3n nos puede ayudar a vivir con m\u00e1s plenitud y serenidad. Como dec\u00eda Montaigne, \u201cla utilidad de la vida no consiste en su duraci\u00f3n, sino en el uso que le demos\u201d. Asumir que nuestro tiempo es limitado nos ayuda a vivir con m\u00e1s intensidad.<\/p>\n<p style=\"text-align: justify;\">La muerte, al igual que el nacimiento, es algo a lo que deber\u00edamos estar acostumbrados ya que est\u00e1 con nosotros desde que nacemos. Siempre hay alguien que muere, y alguien que nace, pero por alguna raz\u00f3n no llevamos bien el tema de la muerte.<\/p>\n<p style=\"text-align: justify;\">Llevamos muy arraigado el tema de pertenencia y esto nos conduce a momentos muy dolorosos, desagradables y muy complicados de llevar cuando nos arrebatan algo que consideramos nuestro pero debemos tener claro que la vida de los dem\u00e1s, incluida la de nuestros hijos, no nos pertenece.<\/p>\n<p style=\"text-align: justify;\">En muchas ocasiones cuando alguien querido muere nos sentimos culpables y la mayor\u00eda de los casos nada tiene que ver con nosotros, la vida es un ciclo y cuanto antes asumamos esto m\u00e1s felices seremos y m\u00e1s disfrutaremos del momento actual. No se trata en obsesionarse con la muerte, sino en no perder ni un solo momento de esta vida, disfrutar y aprender de todo lo que se cruza en nuestro camino y compartir con los dem\u00e1s.<\/p>\n<p style=\"text-align: justify;\">Qui\u00e9n no ha escuchado a alguien decir tras la muerte de alg\u00fan pariente o amigo aquello de \u201cdeber\u00eda \u00a0haber pasado \u00a0m\u00e1s tiempo con \u00e9l\u201d, \u00bfpor qu\u00e9 parece que nos damos cuenta de las cosas a toro pasado?, pues bien ahora es un buen momento para cambiar tu vida y que no tengas que decir esta frase nunca.<\/p>\n<p style=\"text-align: justify;\">Perder el miedo a la muerte es perder el miedo al cambio. Es, en definitiva, perder el miedo a atreverse a vivir.<\/p>\n","protected":false},"excerpt":{"rendered":"<p>La muerte nos afecta a todos por igual. Sufrimos por la muerte de las personas cercanas y nos angustia la perspectiva de nuestra propia desaparici\u00f3n, pero \u00bfcomprendemos realmente el hecho de morir? Aunque pretendemos ignorarla, negarla, no pensar en ella, lo cierto es que su percepci\u00f3n nos puede ayudar a vivir con m\u00e1s plenitud y [&hellip;]<\/p>\n","protected":false},"author":2,"featured_media":0,"comment_status":"open","ping_status":"closed","sticky":false,"template":"","format":"standard","meta":{"footnotes":""},"categories":[3],"tags":[],"class_list":["post-132","post","type-post","status-publish","format-standard","hentry","category-opinion"],"aioseo_notices":[],"_links":{"self":[{"href":"https:\/\/demente.es\/index.php?rest_route=\/wp\/v2\/posts\/132","targetHints":{"allow":["GET"]}}],"collection":[{"href":"https:\/\/demente.es\/index.php?rest_route=\/wp\/v2\/posts"}],"about":[{"href":"https:\/\/demente.es\/index.php?rest_route=\/wp\/v2\/types\/post"}],"author":[{"embeddable":true,"href":"https:\/\/demente.es\/index.php?rest_route=\/wp\/v2\/users\/2"}],"replies":[{"embeddable":true,"href":"https:\/\/demente.es\/index.php?rest_route=%2Fwp%2Fv2%2Fcomments&post=132"}],"version-history":[{"count":4,"href":"https:\/\/demente.es\/index.php?rest_route=\/wp\/v2\/posts\/132\/revisions"}],"predecessor-version":[{"id":137,"href":"https:\/\/demente.es\/index.php?rest_route=\/wp\/v2\/posts\/132\/revisions\/137"}],"wp:attachment":[{"href":"https:\/\/demente.es\/index.php?rest_route=%2Fwp%2Fv2%2Fmedia&parent=132"}],"wp:term":[{"taxonomy":"category","embeddable":true,"href":"https:\/\/demente.es\/index.php?rest_route=%2Fwp%2Fv2%2Fcategories&post=132"},{"taxonomy":"post_tag","embeddable":true,"href":"https:\/\/demente.es\/index.php?rest_route=%2Fwp%2Fv2%2Ftags&post=132"}],"curies":[{"name":"wp","href":"https:\/\/api.w.org\/{rel}","templated":true}]}}