{"id":138,"date":"2011-01-26T18:44:04","date_gmt":"2011-01-26T18:44:04","guid":{"rendered":"https:\/\/demente.es\/?p=138"},"modified":"2011-01-26T18:44:16","modified_gmt":"2011-01-26T18:44:16","slug":"el-odio","status":"publish","type":"post","link":"https:\/\/demente.es\/?p=138","title":{"rendered":"El odio"},"content":{"rendered":"<p style=\"text-align: justify;\">El odio es un sentimiento muy fuerte que nos da\u00f1a y nos lleva a da\u00f1ar a otras personas. Entre todas las emociones el odio es la peor de ellas, ya que es nociva, limitante y adem\u00e1s somete a la persona a un pensamiento negativo con el \u00fanico fin de da\u00f1ar a la persona o cosa odiada. Para vivir de una manera positiva, conviene evitarlo o superarlo, pues sus efectos suelen ser devastadores.<\/p>\n<p style=\"text-align: justify;\">Cuando la persona siente odio, los s\u00edntomas m\u00e1s comunes que aparecen son la apat\u00eda, la aversi\u00f3n casi enfermiza, la ira, el malestar constante y la planificaci\u00f3n continua hacia el mal.<\/p>\n<p style=\"text-align: justify;\">\n<div id=\"attachment_139\" style=\"width: 272px\" class=\"wp-caption aligncenter\"><a rel=\"attachment wp-att-139\" href=\"https:\/\/demente.es\/2011\/01\/el-odio\/el-odio\/\"><img loading=\"lazy\" decoding=\"async\" aria-describedby=\"caption-attachment-139\" class=\"size-full wp-image-139\" title=\"el odio\" src=\"https:\/\/demente.es\/wp-content\/uploads\/2011\/01\/el-odio.jpg\" alt=\"El odio\" width=\"262\" height=\"193\" \/><\/a><p id=\"caption-attachment-139\" class=\"wp-caption-text\">El odio<\/p><\/div>\n<p style=\"text-align: justify;\">No se debe ignorar que el odio es un sentimiento destructivo, por lo que si no se controla no solo tiene un efecto negativo hacia el objeto odiado sino que puede peligrar nuestra salud mental, e incluso f\u00edsica.<\/p>\n<p style=\"text-align: justify;\">El odio es un simple mecanismo de defensa, de autoprotecci\u00f3n de la dignidad, de nuestra \u00e9tica moral que ha sido atacada, de algo por lo que no estamos dispuestos a parar.<\/p>\n<p style=\"text-align: justify;\">En las relaciones personales, el odio es un veneno mort\u00edfero que impide el encuentro, la comunicaci\u00f3n, la armon\u00eda y la convivencia.<\/p>\n<p style=\"text-align: justify;\">Ahora que nos encontramos en \u00e9poca de crisis cabe se\u00f1alar que en el \u00e1mbito laboral odiar puede causar estragos ya que el odio afecta notoriamente a la productividad: esclaviza a la persona que siente odio a pensamientos obsesivos de agresividad y violencia.<\/p>\n<p style=\"text-align: justify;\">Lo m\u00e1s com\u00fan es que una persona que siente odio, se haya sentido previamente ignorada, rechazada, maltratada o abandonada. Lo que est\u00e1 claro es que odiar es muy f\u00e1cil ya que para hacerlo, basta con pensar que somos los buenos, los adecuados, las victimas en definitiva sinti\u00e9ndonos seguros de tener la raz\u00f3n. M\u00e1s dif\u00edcil es dejar de odiar ya que requiere una mente abierta y una actitud adecuada. Podemos evitar convertirnos en\u00a0 blanco de los arranques de odio, tratando a los dem\u00e1s con aprecio, consideraci\u00f3n y respeto.<\/p>\n<p style=\"text-align: justify;\">Por el contrario si somos nosotros los que sentimos odio, podemos alejarnos de la persona o cosa que nos causa la aversi\u00f3n y as\u00ed reducir su influencia sobre nuestras emociones.<\/p>\n","protected":false},"excerpt":{"rendered":"<p>El odio es un sentimiento muy fuerte que nos da\u00f1a y nos lleva a da\u00f1ar a otras personas. Entre todas las emociones el odio es la peor de ellas, ya que es nociva, limitante y adem\u00e1s somete a la persona a un pensamiento negativo con el \u00fanico fin de da\u00f1ar a la persona o cosa [&hellip;]<\/p>\n","protected":false},"author":2,"featured_media":0,"comment_status":"open","ping_status":"closed","sticky":false,"template":"","format":"standard","meta":{"footnotes":""},"categories":[3],"tags":[],"class_list":["post-138","post","type-post","status-publish","format-standard","hentry","category-opinion"],"aioseo_notices":[],"_links":{"self":[{"href":"https:\/\/demente.es\/index.php?rest_route=\/wp\/v2\/posts\/138","targetHints":{"allow":["GET"]}}],"collection":[{"href":"https:\/\/demente.es\/index.php?rest_route=\/wp\/v2\/posts"}],"about":[{"href":"https:\/\/demente.es\/index.php?rest_route=\/wp\/v2\/types\/post"}],"author":[{"embeddable":true,"href":"https:\/\/demente.es\/index.php?rest_route=\/wp\/v2\/users\/2"}],"replies":[{"embeddable":true,"href":"https:\/\/demente.es\/index.php?rest_route=%2Fwp%2Fv2%2Fcomments&post=138"}],"version-history":[{"count":5,"href":"https:\/\/demente.es\/index.php?rest_route=\/wp\/v2\/posts\/138\/revisions"}],"predecessor-version":[{"id":144,"href":"https:\/\/demente.es\/index.php?rest_route=\/wp\/v2\/posts\/138\/revisions\/144"}],"wp:attachment":[{"href":"https:\/\/demente.es\/index.php?rest_route=%2Fwp%2Fv2%2Fmedia&parent=138"}],"wp:term":[{"taxonomy":"category","embeddable":true,"href":"https:\/\/demente.es\/index.php?rest_route=%2Fwp%2Fv2%2Fcategories&post=138"},{"taxonomy":"post_tag","embeddable":true,"href":"https:\/\/demente.es\/index.php?rest_route=%2Fwp%2Fv2%2Ftags&post=138"}],"curies":[{"name":"wp","href":"https:\/\/api.w.org\/{rel}","templated":true}]}}