{"id":18,"date":"2010-12-09T17:18:53","date_gmt":"2010-12-09T17:18:53","guid":{"rendered":"https:\/\/demente.es\/?p=18"},"modified":"2010-12-09T17:47:15","modified_gmt":"2010-12-09T17:47:15","slug":"desencadenantes-que-llevan-a-la-enfermedad-mental","status":"publish","type":"post","link":"https:\/\/demente.es\/?p=18","title":{"rendered":"Desencadenantes de la enfermedad mental"},"content":{"rendered":"<p style=\"text-align: justify;\">La mayor parte de las enfermedades, tanto f\u00edsicas como ps\u00edquicas obedecen a una combinaci\u00f3n de factores biol\u00f3gicos, psicol\u00f3gicos y sociales y que pueden afectar a cualquier persona.<\/p>\n<p style=\"text-align: justify;\">Seg\u00fan un estudio de investigaci\u00f3n para el estudio del funcionamiento del cerebro humano, mientras vive, siente y piensa, y por eso en algunas ocasiones funciona por debajo de sus posibilidades, no somos maquinas, menos mal.<\/p>\n<p style=\"text-align: justify;\">Se ha demostrado que existe una conexi\u00f3n entre la salud f\u00edsica y la mental.<\/p>\n<p style=\"text-align: justify;\">Dentro de estas v\u00edas encontramos:<\/p>\n<p style=\"text-align: justify;\">-Los sistemas fisiol\u00f3gicos (cuanto m\u00e1s ansiedad m\u00e1s posibilidad de enfermedad f\u00edsica)<\/p>\n<p style=\"text-align: justify;\">-El comportamiento en materia de salud (dependiendo del estado de salud, influye en todos los actos)<\/p>\n<p style=\"text-align: justify;\">-Factores psicol\u00f3gicos individuales (dependiendo de tu personalidad eres m\u00e1s susceptible)<\/p>\n<p style=\"text-align: justify;\">-Factores sociales (pobreza, paro\u2026\u2026)<\/p>\n<p style=\"text-align: justify;\">Los factores causales son:<\/p>\n<p style=\"text-align: justify;\">-Factores biol\u00f3gicos org\u00e1nicos, puede ser por infecciones, traumatismos, tumores, vasculopat\u00edas, intoxicaciones y cualquier agente nocivo que afecte el sistema nervioso central.<\/p>\n<p style=\"text-align: justify;\">Las principales enfermedades mentales producidas por factores org\u00e1nicos son: esclerosis m\u00faltiple, demencia en la enfermedad de Alzheimer, demencia vascular, demencia de la enfermedad de Pick, demencia en la enfermedad de Creutzfeldt-Jacob, demencia en la enfermedad de Huntington, trastornos mentales debidos a lesi\u00f3n o disfunci\u00f3n cerebral o a la enfermedad som\u00e1tica y trastornos de la personalidad y del comportamiento debidos a enfermedades, lesiones o disfunciones cerebrales.<\/p>\n<p style=\"text-align: justify;\">-Factores neuroendocrinol\u00f3gicos, un neurotransmisor es una sustancia producida por una c\u00e9lula nerviosa capaz de alterar el funcionamiento de otra c\u00e9lula. Es decir, colaboran en el intercambio de informaci\u00f3n de la c\u00e9lula.<\/p>\n<p style=\"text-align: justify;\">Los principales neurotransmisores son los siguientes: serotonina, noradrenalina, dopamina, ansiedad, depresi\u00f3n, trastornos afectivos bipolares.<\/p>\n<p style=\"text-align: justify;\">-Factores gen\u00e9ticos<\/p>\n<p style=\"text-align: justify;\">-Factores psicol\u00f3gicos o ps\u00edquicos.<\/p>\n<p style=\"text-align: justify;\">-Factores causales ambientales, sociales o ex\u00f3genos.<\/p>\n<p style=\"text-align: justify;\">Todo paciente tiene derecho a ser tratado en un ambiente lo menos restrictivo posible y a recibir un tratamiento lo menos restrictivo y perturbador posible.<\/p>\n<p style=\"text-align: justify;\">Toda persona que padezca una enfermedad mental tiene derecho a vivir y a trabajar, en la medida de lo posible en la comunidad.<\/p>\n<p style=\"text-align: justify;\">Lejos de llegar a ser repetitiva intent\u00e9moslo, ellos se lo merecen.<\/p>\n<p style=\"text-align: justify;\">Muy importante en esta sociedad que hemos creado, con tan pocos valores, la familia no les abandon\u00e9is con este apoyo y la gran ayuda de profesionales se consigue.<\/p>\n<p style=\"text-align: justify;\"><a rel=\"attachment wp-att-23\" href=\"https:\/\/demente.es\/2010\/12\/desencadenantes-que-llevan-a-la-enfermedad-mental\/indigentes1\/\"><img loading=\"lazy\" decoding=\"async\" class=\"aligncenter size-medium wp-image-23\" title=\"INDIGENTES1\" src=\"https:\/\/demente.es\/wp-content\/uploads\/2010\/12\/INDIGENTES1-300x241.jpg\" alt=\"indigentes\" width=\"300\" height=\"241\" srcset=\"https:\/\/demente.es\/wp-content\/uploads\/2010\/12\/INDIGENTES1-300x241.jpg 300w, https:\/\/demente.es\/wp-content\/uploads\/2010\/12\/INDIGENTES1.jpg 400w\" sizes=\"auto, (max-width: 300px) 100vw, 300px\" \/><\/a><\/p>\n","protected":false},"excerpt":{"rendered":"<p>La mayor parte de las enfermedades, tanto f\u00edsicas como ps\u00edquicas obedecen a una combinaci\u00f3n de factores biol\u00f3gicos, psicol\u00f3gicos y sociales y que pueden afectar a cualquier persona. Seg\u00fan un estudio de investigaci\u00f3n para el estudio del funcionamiento del cerebro humano, mientras vive, siente y piensa, y por eso en algunas ocasiones funciona por debajo de [&hellip;]<\/p>\n","protected":false},"author":2,"featured_media":0,"comment_status":"open","ping_status":"closed","sticky":false,"template":"","format":"standard","meta":{"footnotes":""},"categories":[3],"tags":[],"class_list":["post-18","post","type-post","status-publish","format-standard","hentry","category-opinion"],"aioseo_notices":[],"_links":{"self":[{"href":"https:\/\/demente.es\/index.php?rest_route=\/wp\/v2\/posts\/18","targetHints":{"allow":["GET"]}}],"collection":[{"href":"https:\/\/demente.es\/index.php?rest_route=\/wp\/v2\/posts"}],"about":[{"href":"https:\/\/demente.es\/index.php?rest_route=\/wp\/v2\/types\/post"}],"author":[{"embeddable":true,"href":"https:\/\/demente.es\/index.php?rest_route=\/wp\/v2\/users\/2"}],"replies":[{"embeddable":true,"href":"https:\/\/demente.es\/index.php?rest_route=%2Fwp%2Fv2%2Fcomments&post=18"}],"version-history":[{"count":5,"href":"https:\/\/demente.es\/index.php?rest_route=\/wp\/v2\/posts\/18\/revisions"}],"predecessor-version":[{"id":21,"href":"https:\/\/demente.es\/index.php?rest_route=\/wp\/v2\/posts\/18\/revisions\/21"}],"wp:attachment":[{"href":"https:\/\/demente.es\/index.php?rest_route=%2Fwp%2Fv2%2Fmedia&parent=18"}],"wp:term":[{"taxonomy":"category","embeddable":true,"href":"https:\/\/demente.es\/index.php?rest_route=%2Fwp%2Fv2%2Fcategories&post=18"},{"taxonomy":"post_tag","embeddable":true,"href":"https:\/\/demente.es\/index.php?rest_route=%2Fwp%2Fv2%2Ftags&post=18"}],"curies":[{"name":"wp","href":"https:\/\/api.w.org\/{rel}","templated":true}]}}