{"id":220,"date":"2011-03-02T14:21:38","date_gmt":"2011-03-02T14:21:38","guid":{"rendered":"https:\/\/demente.es\/?p=220"},"modified":"2011-03-02T14:21:47","modified_gmt":"2011-03-02T14:21:47","slug":"las-mascaras-internas","status":"publish","type":"post","link":"https:\/\/demente.es\/?p=220","title":{"rendered":"Las m\u00e1scaras internas"},"content":{"rendered":"<p style=\"text-align: justify;\">El carnaval es una \u00e9poca de colorido, donde ni\u00f1os, adultos, grupos, comparsas, carrozas y calles se llenan de alegr\u00eda y cordialidad.<\/p>\n<p style=\"text-align: justify;\">Un disfraz es un \u201cartificio para desfigurar una cosa con el fin de que no sea conocida\u201d. Se usan vestiduras para distinguir a personas, por su condici\u00f3n social o sexo, diferente a los de las personas que se disfraza. Se pueden adoptar para diferentes finalidades, ocultar la verdadera identidad o permitir realizar ciertas aventuras.<\/p>\n<div class=\"mceTemp mceIEcenter\" style=\"text-align: justify;\">\n<dl id=\"attachment_221\" class=\"wp-caption aligncenter\" style=\"width: 310px;\">\n<dt class=\"wp-caption-dt\"><a rel=\"attachment wp-att-221\" href=\"https:\/\/demente.es\/2011\/03\/las-mascaras-internas\/mascaras-de-carnaval\/\"><img loading=\"lazy\" decoding=\"async\" class=\"size-medium wp-image-221\" title=\"m\u00e1scaras de carnaval\" src=\"https:\/\/demente.es\/wp-content\/uploads\/2011\/03\/m\u00e1scaras-de-carnaval-300x199.jpg\" alt=\"m\u00e1scaras\" width=\"300\" height=\"199\" srcset=\"https:\/\/demente.es\/wp-content\/uploads\/2011\/03\/m\u00e1scaras-de-carnaval-300x199.jpg 300w, https:\/\/demente.es\/wp-content\/uploads\/2011\/03\/m\u00e1scaras-de-carnaval.jpg 500w\" sizes=\"auto, (max-width: 300px) 100vw, 300px\" \/><\/a><\/dt>\n<dd class=\"wp-caption-dd\">M\u00e1scaras de carnaval<\/dd>\n<\/dl>\n<\/div>\n<p style=\"text-align: justify;\">El disfraz tiene su origen en la mitolog\u00eda grecorromana. Consist\u00eda en colocarse una m\u00e1scara de s\u00e1tiro para que las ninfas accedieran a mantener relaciones sexuales, era una fiesta orgi\u00e1stica y de fecundaci\u00f3n.<\/p>\n<p style=\"text-align: justify;\">A medida que se unen las tradiciones paganas y lo religioso, pierde la idea original, derivando en el carnaval actual.<\/p>\n<p style=\"text-align: justify;\">E l ser humano ha utilizado el disfraz para simplemente divertirse, pero tambi\u00e9n liberar impulsos y los deseos m\u00e1s reprimidos y hasta para cometer cr\u00edmenes. Quiz\u00e1 sea esta la raz\u00f3n que convierte al disfraz en una autentica desdramatizaci\u00f3n de los deseos m\u00e1s rec\u00f3nditos de la personalidad-<\/p>\n<p style=\"text-align: justify;\">El verdadero \u00e9xito del disfraz reside en quien lo lleva no sea reconocido como la persona que es, sino como la deseada, permitiendo modificar nuestra realidad, para realizar un sue\u00f1o. El pobre se puede convertir en pr\u00edncipe, el bueno en malo, el hombre en mujer, el blanco en negro\u2026Las personas encarnan por unas horas, la vida de aquellos personajes que siempre les hubiera gustado ser.<\/p>\n<p style=\"text-align: justify;\">Cualquier disfraz o m\u00e1scara, refleja algo que nosotros mismos no nos atrevemos a revelar cuando nos vestimos. El individuo se libera de su identidad y sale a la calle para dar rienda suelta a la libre manifestaci\u00f3n de su cuerpo y del esp\u00edritu. El disfraz permite sacar temporalmente la m\u00e1scara que siempre llevamos. La sociedad impone ciertos roles que a veces enmascaran nuestro verdadero ser, una parte de nosotros mismos esta enmascarada, y\u00a0 cuando nos disfrazamos, nos permitimos ser, como en realidad quisi\u00e9ramos y despu\u00e9s nos volvemos a colocar la m\u00e1scara de nuestra personalidad socializada.<\/p>\n","protected":false},"excerpt":{"rendered":"<p>El carnaval es una \u00e9poca de colorido, donde ni\u00f1os, adultos, grupos, comparsas, carrozas y calles se llenan de alegr\u00eda y cordialidad. Un disfraz es un \u201cartificio para desfigurar una cosa con el fin de que no sea conocida\u201d. Se usan vestiduras para distinguir a personas, por su condici\u00f3n social o sexo, diferente a los de [&hellip;]<\/p>\n","protected":false},"author":2,"featured_media":0,"comment_status":"open","ping_status":"closed","sticky":false,"template":"","format":"standard","meta":{"footnotes":""},"categories":[3],"tags":[],"class_list":["post-220","post","type-post","status-publish","format-standard","hentry","category-opinion"],"aioseo_notices":[],"_links":{"self":[{"href":"https:\/\/demente.es\/index.php?rest_route=\/wp\/v2\/posts\/220","targetHints":{"allow":["GET"]}}],"collection":[{"href":"https:\/\/demente.es\/index.php?rest_route=\/wp\/v2\/posts"}],"about":[{"href":"https:\/\/demente.es\/index.php?rest_route=\/wp\/v2\/types\/post"}],"author":[{"embeddable":true,"href":"https:\/\/demente.es\/index.php?rest_route=\/wp\/v2\/users\/2"}],"replies":[{"embeddable":true,"href":"https:\/\/demente.es\/index.php?rest_route=%2Fwp%2Fv2%2Fcomments&post=220"}],"version-history":[{"count":5,"href":"https:\/\/demente.es\/index.php?rest_route=\/wp\/v2\/posts\/220\/revisions"}],"predecessor-version":[{"id":226,"href":"https:\/\/demente.es\/index.php?rest_route=\/wp\/v2\/posts\/220\/revisions\/226"}],"wp:attachment":[{"href":"https:\/\/demente.es\/index.php?rest_route=%2Fwp%2Fv2%2Fmedia&parent=220"}],"wp:term":[{"taxonomy":"category","embeddable":true,"href":"https:\/\/demente.es\/index.php?rest_route=%2Fwp%2Fv2%2Fcategories&post=220"},{"taxonomy":"post_tag","embeddable":true,"href":"https:\/\/demente.es\/index.php?rest_route=%2Fwp%2Fv2%2Ftags&post=220"}],"curies":[{"name":"wp","href":"https:\/\/api.w.org\/{rel}","templated":true}]}}