{"id":279,"date":"2011-04-11T17:05:01","date_gmt":"2011-04-11T17:05:01","guid":{"rendered":"https:\/\/demente.es\/?p=279"},"modified":"2011-04-11T17:05:08","modified_gmt":"2011-04-11T17:05:08","slug":"sindrome-de-tourette","status":"publish","type":"post","link":"https:\/\/demente.es\/?p=279","title":{"rendered":"S\u00edndrome de Tourette"},"content":{"rendered":"<p style=\"text-align: justify;\">El s\u00edndrome de Tourette es un trastorno neurol\u00f3gico que se caracteriza por la existencia de movimientos involuntarios repetidos y sonidos incontrolables, que se llaman tics, algunas veces acompa\u00f1ados de palabras y frases inapropiadas. Suele comenzar antes de los 18 a\u00f1os, los s\u00edntomas y la intensidad var\u00eda mucho de una persona a otra. La causa es desconocida, las investigaciones sugieren que hay una anormalidad en los genes que hace que afecte el metabolismo de los trasmisores cerebrales como dopamina, serotonina y doropinefrina, siendo estos los productos qu\u00edmicos que se encargan de llevar las se\u00f1ales al cerebro de una c\u00e9lula nerviosa a otra.<\/p>\n<p style=\"text-align: justify;\"><a rel=\"attachment wp-att-280\" href=\"https:\/\/demente.es\/2011\/04\/sindrome-de-tourette\/tics\/\"><img decoding=\"async\" class=\"aligncenter size-full wp-image-280\" title=\"tics\" src=\"https:\/\/demente.es\/wp-content\/uploads\/2011\/04\/tics.bmp\" alt=\"Sindrome de tourette\" \/><\/a><\/p>\n<p style=\"text-align: justify;\">Una persona con este s\u00edndrome tiene una posibilidad del 50% de pasarle este gen a uno de sus hijos, hay m\u00e1s incidencia en los hombres. Los primeros s\u00edntomas suelen consistir en tics en la cara y con el tiempo aparecen otros como movimientos de cabeza, cuello, patadas, etc.<\/p>\n<p style=\"text-align: justify;\">A menudo emiten sonidos, palabras o frases ininteligibles. Gritan obscenidades de forma involuntaria (coprolal\u00eda) o repiten constantemente las palabras de los dem\u00e1s (ecolalia). Los tics aumentan y disminuyen y de vez en cuando cambian en n\u00famero, frecuencia, tipo y localizaci\u00f3n. Los s\u00edntomas pueden desaparecer por semanas o meses para reaparecer m\u00e1s tarde. Los tics empeoran bajo el estr\u00e9s y mejoran cuando la persona est\u00e1 relajada o absorta en una actividad. En la mayor\u00eda de los casos disminuyen mientras se duerme.<\/p>\n<p style=\"text-align: justify;\">En muchos casos suelen darse problemas adicionales como: trastorno obsesivo-compulsivo, trastorno de d\u00e9ficit de atenci\u00f3n, trastorno del desarrollo del aprendizaje, problemas de control de impulsos y trastornos del sue\u00f1o.<\/p>\n<p style=\"text-align: justify;\">Los s\u00edntomas de conducta que pueden acompa\u00f1ar los tics pueden causar m\u00e1s limitaciones que los tics mismos. Los pacientes, familias y m\u00e9dicos necesitan determinar que s\u00edntomas causan m\u00e1s limitaciones de tal manera que se elijan los medicamentos y terapias m\u00e1s apropiadas.<\/p>\n","protected":false},"excerpt":{"rendered":"<p>El s\u00edndrome de Tourette es un trastorno neurol\u00f3gico que se caracteriza por la existencia de movimientos involuntarios repetidos y sonidos incontrolables, que se llaman tics, algunas veces acompa\u00f1ados de palabras y frases inapropiadas. Suele comenzar antes de los 18 a\u00f1os, los s\u00edntomas y la intensidad var\u00eda mucho de una persona a otra. La causa es [&hellip;]<\/p>\n","protected":false},"author":2,"featured_media":0,"comment_status":"open","ping_status":"closed","sticky":false,"template":"","format":"standard","meta":{"footnotes":""},"categories":[3],"tags":[],"class_list":["post-279","post","type-post","status-publish","format-standard","hentry","category-opinion"],"aioseo_notices":[],"_links":{"self":[{"href":"https:\/\/demente.es\/index.php?rest_route=\/wp\/v2\/posts\/279","targetHints":{"allow":["GET"]}}],"collection":[{"href":"https:\/\/demente.es\/index.php?rest_route=\/wp\/v2\/posts"}],"about":[{"href":"https:\/\/demente.es\/index.php?rest_route=\/wp\/v2\/types\/post"}],"author":[{"embeddable":true,"href":"https:\/\/demente.es\/index.php?rest_route=\/wp\/v2\/users\/2"}],"replies":[{"embeddable":true,"href":"https:\/\/demente.es\/index.php?rest_route=%2Fwp%2Fv2%2Fcomments&post=279"}],"version-history":[{"count":4,"href":"https:\/\/demente.es\/index.php?rest_route=\/wp\/v2\/posts\/279\/revisions"}],"predecessor-version":[{"id":284,"href":"https:\/\/demente.es\/index.php?rest_route=\/wp\/v2\/posts\/279\/revisions\/284"}],"wp:attachment":[{"href":"https:\/\/demente.es\/index.php?rest_route=%2Fwp%2Fv2%2Fmedia&parent=279"}],"wp:term":[{"taxonomy":"category","embeddable":true,"href":"https:\/\/demente.es\/index.php?rest_route=%2Fwp%2Fv2%2Fcategories&post=279"},{"taxonomy":"post_tag","embeddable":true,"href":"https:\/\/demente.es\/index.php?rest_route=%2Fwp%2Fv2%2Ftags&post=279"}],"curies":[{"name":"wp","href":"https:\/\/api.w.org\/{rel}","templated":true}]}}