{"id":299,"date":"2011-05-07T18:40:03","date_gmt":"2011-05-07T18:40:03","guid":{"rendered":"https:\/\/demente.es\/?p=299"},"modified":"2011-05-07T18:40:14","modified_gmt":"2011-05-07T18:40:14","slug":"las-consecuencias-psicologicas-del-paro-consejos-y-ayuda","status":"publish","type":"post","link":"https:\/\/demente.es\/?p=299","title":{"rendered":"Las consecuencias psicol\u00f3gicas del paro: consejos y ayuda"},"content":{"rendered":"<p style=\"text-align: justify;\">El desempleo y sus consecuencias psicol\u00f3gicas es un tema con el que nos encontramos cada vez con m\u00e1s frecuencia, m\u00e1s del 20% de los ciudadanos en edad de trabajar est\u00e1 en el paro y es el dato num\u00e9rico de multitud de temas familiares y personales. Dramas que comienzan con el impago de deudas, de hipotecas de la vivienda donde se vive, de esa casa que ha costado tanto esfuerzo ir comprando, dificultades no solo para realizar actividades m\u00e1s o menos habituales, sino tambi\u00e9n para satisfacer necesidades b\u00e1sicas. No solo se trabaja para ganarse la vida, sino para lograr el desarrollo personal, perder el empleo es demoledor, aunque los recursos econ\u00f3micos est\u00e9n asegurados.<\/p>\n<p style=\"text-align: justify;\">Hay varias cuestiones que una persona parada va viviendo a lo largo de este tiempo en el que se encuentra desempleado que lo puede llevar a arrinconarse y no trabajar para encontrar trabajo.<\/p>\n<p style=\"text-align: justify;\">El primer gran impacto del desempleo es el padecimiento del llamado \u201cs\u00edndrome de la invisibilidad\u201d. La persona siente que no le ven. Es una vivencia interior muy paralizante. En esta sociedad, a pesar de la crisis, solo cuenta la productividad, el parecer o el tener.<\/p>\n<div id=\"attachment_300\" style=\"width: 258px\" class=\"wp-caption aligncenter\"><a rel=\"attachment wp-att-300\" href=\"https:\/\/demente.es\/2011\/05\/las-consecuencias-psicologicas-del-paro-consejos-y-ayuda\/paro\/\"><img loading=\"lazy\" decoding=\"async\" aria-describedby=\"caption-attachment-300\" class=\"size-full wp-image-300\" title=\"paro\" src=\"https:\/\/demente.es\/wp-content\/uploads\/2011\/05\/paro.jpg\" alt=\"Oficina de empleo\" width=\"248\" height=\"203\" \/><\/a><p id=\"caption-attachment-300\" class=\"wp-caption-text\">Oficina de empleo<\/p><\/div>\n<p style=\"text-align: justify;\">Cada vez hay m\u00e1s personas desempleadas y aquejadas por un profundo malestar psicol\u00f3gico, con una importante sensaci\u00f3n de impotencia e indefensi\u00f3n, con el agravante de que muchas no se atreven a pedir ayuda por verg\u00fcenza o por orgullo. El trabajo es una fuente muy importante de bienestar psicol\u00f3gico y social, que se constata cuando se pierde.<\/p>\n<p style=\"text-align: justify;\">Empiezas a contar en el mundo cuando entras en la vida laboral. Cuando una persona logra formar parte del mundo laboral, accede a un nuevo estatus y a una nueva identidad social. El desempleo interrumpe este proceso y se convierte en una sensaci\u00f3n de derrota y fracaso.<\/p>\n<p style=\"text-align: justify;\">Cuando\u00a0 uno se queda sin trabajo, lo normal es experimentar todos los sentimientos negativos, es bueno no reprimirlos y dejarlos salir, pero no m\u00e1s tiempo de lo necesario, conviene ser realista y no dramatizar, no enfocar con pesimismo. Con una actitud positiva y planificando bien las finanzas es posible enfrentarse al problema sin perder la dignidad.<\/p>\n<p style=\"text-align: justify;\">Lo m\u00e1s importante es no perder o recuperar la situaci\u00f3n de control que se ha perdido.<\/p>\n","protected":false},"excerpt":{"rendered":"<p>El desempleo y sus consecuencias psicol\u00f3gicas es un tema con el que nos encontramos cada vez con m\u00e1s frecuencia, m\u00e1s del 20% de los ciudadanos en edad de trabajar est\u00e1 en el paro y es el dato num\u00e9rico de multitud de temas familiares y personales. Dramas que comienzan con el impago de deudas, de hipotecas [&hellip;]<\/p>\n","protected":false},"author":2,"featured_media":0,"comment_status":"open","ping_status":"closed","sticky":false,"template":"","format":"standard","meta":{"footnotes":""},"categories":[3],"tags":[],"class_list":["post-299","post","type-post","status-publish","format-standard","hentry","category-opinion"],"aioseo_notices":[],"_links":{"self":[{"href":"https:\/\/demente.es\/index.php?rest_route=\/wp\/v2\/posts\/299","targetHints":{"allow":["GET"]}}],"collection":[{"href":"https:\/\/demente.es\/index.php?rest_route=\/wp\/v2\/posts"}],"about":[{"href":"https:\/\/demente.es\/index.php?rest_route=\/wp\/v2\/types\/post"}],"author":[{"embeddable":true,"href":"https:\/\/demente.es\/index.php?rest_route=\/wp\/v2\/users\/2"}],"replies":[{"embeddable":true,"href":"https:\/\/demente.es\/index.php?rest_route=%2Fwp%2Fv2%2Fcomments&post=299"}],"version-history":[{"count":4,"href":"https:\/\/demente.es\/index.php?rest_route=\/wp\/v2\/posts\/299\/revisions"}],"predecessor-version":[{"id":304,"href":"https:\/\/demente.es\/index.php?rest_route=\/wp\/v2\/posts\/299\/revisions\/304"}],"wp:attachment":[{"href":"https:\/\/demente.es\/index.php?rest_route=%2Fwp%2Fv2%2Fmedia&parent=299"}],"wp:term":[{"taxonomy":"category","embeddable":true,"href":"https:\/\/demente.es\/index.php?rest_route=%2Fwp%2Fv2%2Fcategories&post=299"},{"taxonomy":"post_tag","embeddable":true,"href":"https:\/\/demente.es\/index.php?rest_route=%2Fwp%2Fv2%2Ftags&post=299"}],"curies":[{"name":"wp","href":"https:\/\/api.w.org\/{rel}","templated":true}]}}