{"id":30,"date":"2010-12-09T18:19:45","date_gmt":"2010-12-09T18:19:45","guid":{"rendered":"https:\/\/demente.es\/?p=30"},"modified":"2010-12-09T18:19:45","modified_gmt":"2010-12-09T18:19:45","slug":"depresion-y-suicidio-juvenil","status":"publish","type":"post","link":"https:\/\/demente.es\/?p=30","title":{"rendered":"Depresi\u00f3n y suicidio juvenil"},"content":{"rendered":"<p style=\"text-align: justify;\">Empiezo a escribir este art\u00edculo, a ra\u00edz de leer en el peri\u00f3dico hace unos d\u00edas una noticia que me impacto y dec\u00eda as\u00ed: EN ESPA\u00d1A SE SUICIDAN 9 PERSONAS AL D\u00cdA, EL NUMERO DE SUICIDIOS SUPERA POR PRIMERA VEZ LOS MUERTOS POR ACCIDENTE DE TRAFICO.<\/p>\n<p style=\"text-align: justify;\">Nos alarmamos de sida y de enfermedades como el c\u00e1ncer, pero escucha esto: el suicidio quita m\u00e1s vidas que cualquier otra cosa, 1 mill\u00f3n 277 mil personas mueren cada a\u00f1o por el suicidio.<\/p>\n<p style=\"text-align: justify;\">Cuando comparamos el n\u00famero de j\u00f3venes de hoy con el de hace 50 o 60 a\u00f1os, vemos que hay una gran diferencia. \u00bfQu\u00e9 es lo que los j\u00f3venes antes no viv\u00edan?\u00a0 Es obvio que los tiempos han cambiado y la mentalidad tambi\u00e9n, sin embargo, es necesario ver que no todo cambio es bueno. Antes pod\u00edamos decir que la mayor proporci\u00f3n de suicidios consumados es a partir de los 65 a\u00f1os, pero ahora la tasa de suicidio juvenil se ha incrementado.<\/p>\n<p style=\"text-align: justify;\">El joven ya no es un ni\u00f1o y empieza a enfrentarse con la vida, el joven empieza a preocuparse por su futuro, que va a ser de su vida dentro de unos a\u00f1os. Desenga\u00f1os amorosos que a estas edades todo se sobrevalora.<\/p>\n<p style=\"text-align: justify;\">Para salir de estos desenga\u00f1os y de la soledad, el joven muchas veces cae en trampas que la vida les tiende. Hay ocasiones en que el joven no encuentra salida y la soledad lo lleva a la depresi\u00f3n. Los s\u00edntomas m\u00e1s importantes son: exceso o falta de sue\u00f1o, cambios en los h\u00e1bitos alimenticios, perdida de inter\u00e9s en las actividades que sol\u00eda disfrutar, dificultad para pensar o concentrarse, perdida de energ\u00eda, sentimientos de culpa y desesperanza, pensamientos en torno a la muerte.<\/p>\n<p style=\"text-align: justify;\">La persona se siente vac\u00eda, siente que no tiene sentido la vida, hace que su sistema nervioso empiece a entrar en crisis, eso hace que venga una desestabilidad emocional que produce tristeza y depresi\u00f3n.<\/p>\n<p style=\"text-align: justify;\">Un joven pasivo y sedentario es m\u00e1s f\u00e1cil que se deprima que alguien que practica alg\u00fan deporte o ejercicio.<\/p>\n<p style=\"text-align: justify;\">Otro dato de inter\u00e9s de cada mujer que se suicida, tres hombres lo hicieron.<\/p>\n<p style=\"text-align: justify;\">Par prevenirlo hay que reconocer el estado depresivo y buscar apoyo de la familia y buscar ayuda de un profesional. As\u00ed que cuando hay tristeza y no sabemos porque, cuando no nos entendemos a nosotros mismos, es tiempo de pensar que algo no est\u00e1 bien.<\/p>\n<p style=\"text-align: justify;\">Moraleja:\u201descuchar es m\u00e1s importante, incluso que dar un buen consejo\u201d.<\/p>\n<p style=\"text-align: justify;\"><a rel=\"attachment wp-att-31\" href=\"https:\/\/demente.es\/2010\/12\/depresion-y-suicidio-juvenil\/salud-mental\/\"><img loading=\"lazy\" decoding=\"async\" class=\"aligncenter size-medium wp-image-31\" title=\"Salud Mental\" src=\"https:\/\/demente.es\/wp-content\/uploads\/2010\/12\/Salud-Mental-246x300.jpg\" alt=\"suicidio juvenil\" width=\"246\" height=\"300\" srcset=\"https:\/\/demente.es\/wp-content\/uploads\/2010\/12\/Salud-Mental-246x300.jpg 246w, https:\/\/demente.es\/wp-content\/uploads\/2010\/12\/Salud-Mental.jpg 329w\" sizes=\"auto, (max-width: 246px) 100vw, 246px\" \/><\/a><\/p>\n<p style=\"text-align: justify;\">\n","protected":false},"excerpt":{"rendered":"<p>Empiezo a escribir este art\u00edculo, a ra\u00edz de leer en el peri\u00f3dico hace unos d\u00edas una noticia que me impacto y dec\u00eda as\u00ed: EN ESPA\u00d1A SE SUICIDAN 9 PERSONAS AL D\u00cdA, EL NUMERO DE SUICIDIOS SUPERA POR PRIMERA VEZ LOS MUERTOS POR ACCIDENTE DE TRAFICO. Nos alarmamos de sida y de enfermedades como el c\u00e1ncer, [&hellip;]<\/p>\n","protected":false},"author":2,"featured_media":0,"comment_status":"open","ping_status":"closed","sticky":false,"template":"","format":"standard","meta":{"footnotes":""},"categories":[3],"tags":[],"class_list":["post-30","post","type-post","status-publish","format-standard","hentry","category-opinion"],"aioseo_notices":[],"_links":{"self":[{"href":"https:\/\/demente.es\/index.php?rest_route=\/wp\/v2\/posts\/30","targetHints":{"allow":["GET"]}}],"collection":[{"href":"https:\/\/demente.es\/index.php?rest_route=\/wp\/v2\/posts"}],"about":[{"href":"https:\/\/demente.es\/index.php?rest_route=\/wp\/v2\/types\/post"}],"author":[{"embeddable":true,"href":"https:\/\/demente.es\/index.php?rest_route=\/wp\/v2\/users\/2"}],"replies":[{"embeddable":true,"href":"https:\/\/demente.es\/index.php?rest_route=%2Fwp%2Fv2%2Fcomments&post=30"}],"version-history":[{"count":2,"href":"https:\/\/demente.es\/index.php?rest_route=\/wp\/v2\/posts\/30\/revisions"}],"predecessor-version":[{"id":33,"href":"https:\/\/demente.es\/index.php?rest_route=\/wp\/v2\/posts\/30\/revisions\/33"}],"wp:attachment":[{"href":"https:\/\/demente.es\/index.php?rest_route=%2Fwp%2Fv2%2Fmedia&parent=30"}],"wp:term":[{"taxonomy":"category","embeddable":true,"href":"https:\/\/demente.es\/index.php?rest_route=%2Fwp%2Fv2%2Fcategories&post=30"},{"taxonomy":"post_tag","embeddable":true,"href":"https:\/\/demente.es\/index.php?rest_route=%2Fwp%2Fv2%2Ftags&post=30"}],"curies":[{"name":"wp","href":"https:\/\/api.w.org\/{rel}","templated":true}]}}