{"id":337,"date":"2024-10-28T11:19:26","date_gmt":"2024-10-28T11:19:26","guid":{"rendered":"https:\/\/demente.es\/?p=337"},"modified":"2024-10-28T11:54:48","modified_gmt":"2024-10-28T11:54:48","slug":"el-respeto-fundamental-en-la-vida-y-en-las-relaciones","status":"publish","type":"post","link":"https:\/\/demente.es\/?p=337","title":{"rendered":"El Respeto: Fundamental en la Vida y en las Relaciones"},"content":{"rendered":"\n<p>El respeto es un valor esencial que permite una convivencia arm\u00f3nica y un desarrollo personal saludable. Es el reconocimiento de que cada persona tiene derechos, necesidades y experiencias \u00fanicas, y que todas merecen ser tratadas con dignidad. Este valor se expresa en nuestra capacidad para aceptar las diferencias, escuchar activamente y ser emp\u00e1ticos. Practicar el respeto no solo mejora nuestras relaciones, sino que tambi\u00e9n fortalece nuestra autoestima y autoconfianza.<\/p>\n\n\n<div class=\"wp-block-image\">\n<figure class=\"aligncenter size-large\"><img loading=\"lazy\" decoding=\"async\" width=\"500\" height=\"500\" src=\"https:\/\/demente.es\/wp-content\/uploads\/2024\/10\/respeto-500x500.webp\" alt=\"\" class=\"wp-image-338\" srcset=\"https:\/\/demente.es\/wp-content\/uploads\/2024\/10\/respeto-500x500.webp 500w, https:\/\/demente.es\/wp-content\/uploads\/2024\/10\/respeto-300x300.webp 300w, https:\/\/demente.es\/wp-content\/uploads\/2024\/10\/respeto-150x150.webp 150w, https:\/\/demente.es\/wp-content\/uploads\/2024\/10\/respeto-768x768.webp 768w, https:\/\/demente.es\/wp-content\/uploads\/2024\/10\/respeto.webp 1024w\" sizes=\"auto, (max-width: 500px) 100vw, 500px\" \/><\/figure>\n<\/div>\n\n\n<h2 class=\"wp-block-heading\">El Respeto Hacia los Dem\u00e1s<\/h2>\n\n\n\n<p>El respeto hacia los dem\u00e1s implica ver y valorar a cada persona como un ser \u00fanico, con opiniones y perspectivas que pueden diferir de las nuestras. Reconocer las diferencias culturales, de opini\u00f3n o de creencias fomenta una sociedad inclusiva y abierta al di\u00e1logo. Practicar el respeto en este sentido requiere aceptar que los dem\u00e1s pueden pensar y actuar de manera distinta sin que esto afecte nuestra valoraci\u00f3n de ellos.<\/p>\n\n\n\n<p>Un componente fundamental del respeto hacia los dem\u00e1s es la escucha activa. Esto implica no solo o\u00edr lo que el otro dice, sino tambi\u00e9n comprender sus emociones y perspectivas. Escuchar activamente requiere paciencia y disposici\u00f3n para comprender antes de responder, lo cual fortalece los lazos y evita conflictos innecesarios. El respeto, en este sentido, tambi\u00e9n se manifiesta en la disposici\u00f3n a negociar y a comprometerse, mostrando una apertura genuina a encontrar soluciones que beneficien a todas las partes.<\/p>\n\n\n\n<h2 class=\"wp-block-heading\">El Respeto Hacia Uno Mismo<\/h2>\n\n\n\n<p>El respeto propio es un aspecto esencial de nuestro bienestar emocional. Se basa en el autoconocimiento y en la valoraci\u00f3n de qui\u00e9nes somos, lo cual nos permite tomar decisiones alineadas con nuestros principios y valores, en lugar de ceder a la presi\u00f3n social o al temor al rechazo. Respetarnos a nosotros mismos significa, en primer lugar, reconocer nuestras fortalezas y debilidades sin juzgarnos duramente. Aceptarnos tal como somos nos da la confianza necesaria para enfrentar los desaf\u00edos de la vida con autenticidad.<\/p>\n\n\n\n<p>Tener respeto propio tambi\u00e9n implica poner l\u00edmites saludables en nuestras relaciones. Al establecer l\u00edmites claros, enviamos el mensaje de que valoramos nuestro tiempo, nuestro bienestar y nuestras necesidades. Esto no solo nos protege de situaciones que puedan afectarnos negativamente, sino que tambi\u00e9n ense\u00f1a a los dem\u00e1s a respetarnos.<\/p>\n\n\n\n<h2 class=\"wp-block-heading\">El Respeto como Base de la Convivencia<\/h2>\n\n\n\n<p>Una sociedad basada en el respeto es una sociedad m\u00e1s pac\u00edfica y colaborativa. Cuando las personas se tratan con respeto, se reduce el conflicto y se promueve un ambiente en el que todos pueden expresarse libremente. Practicar el respeto diario, ya sea en la familia, en el trabajo o en las amistades, crea un entorno en el que cada individuo se siente valorado y seguro.<\/p>\n\n\n\n<p>La pr\u00e1ctica del respeto en la vida diaria tambi\u00e9n contribuye al desarrollo de una cultura de paz. En una sociedad donde todos son valorados y escuchados, es m\u00e1s f\u00e1cil resolver conflictos y promover la inclusi\u00f3n. Por esta raz\u00f3n, el respeto es un valor que debe ense\u00f1arse desde una edad temprana, ya que su impacto positivo se extiende a todas las \u00e1reas de la vida.<\/p>\n\n\n\n<h2 class=\"wp-block-heading\">Construyendo un Futuro Basado en el Respeto<\/h2>\n\n\n\n<p>Cultivar el respeto en nuestra vida y en nuestras relaciones es un proceso continuo. Requiere compromiso, autoconocimiento y empat\u00eda. Al valorar y respetar tanto a los dem\u00e1s como a nosotros mismos, no solo creamos relaciones m\u00e1s saludables, sino que tambi\u00e9n contribuimos a una sociedad en la que todos puedan desarrollarse en un ambiente de aceptaci\u00f3n y dignidad.<\/p>\n","protected":false},"excerpt":{"rendered":"<p>El respeto es un valor esencial que permite una convivencia arm\u00f3nica y un desarrollo personal saludable. Es el reconocimiento de que cada persona tiene derechos, necesidades y experiencias \u00fanicas, y que todas merecen ser tratadas con dignidad. Este valor se expresa en nuestra capacidad para aceptar las diferencias, escuchar activamente y ser emp\u00e1ticos. Practicar el [&hellip;]<\/p>\n","protected":false},"author":3,"featured_media":0,"comment_status":"open","ping_status":"closed","sticky":false,"template":"","format":"standard","meta":{"footnotes":""},"categories":[3],"tags":[],"class_list":["post-337","post","type-post","status-publish","format-standard","hentry","category-opinion"],"aioseo_notices":[],"_links":{"self":[{"href":"https:\/\/demente.es\/index.php?rest_route=\/wp\/v2\/posts\/337","targetHints":{"allow":["GET"]}}],"collection":[{"href":"https:\/\/demente.es\/index.php?rest_route=\/wp\/v2\/posts"}],"about":[{"href":"https:\/\/demente.es\/index.php?rest_route=\/wp\/v2\/types\/post"}],"author":[{"embeddable":true,"href":"https:\/\/demente.es\/index.php?rest_route=\/wp\/v2\/users\/3"}],"replies":[{"embeddable":true,"href":"https:\/\/demente.es\/index.php?rest_route=%2Fwp%2Fv2%2Fcomments&post=337"}],"version-history":[{"count":1,"href":"https:\/\/demente.es\/index.php?rest_route=\/wp\/v2\/posts\/337\/revisions"}],"predecessor-version":[{"id":339,"href":"https:\/\/demente.es\/index.php?rest_route=\/wp\/v2\/posts\/337\/revisions\/339"}],"wp:attachment":[{"href":"https:\/\/demente.es\/index.php?rest_route=%2Fwp%2Fv2%2Fmedia&parent=337"}],"wp:term":[{"taxonomy":"category","embeddable":true,"href":"https:\/\/demente.es\/index.php?rest_route=%2Fwp%2Fv2%2Fcategories&post=337"},{"taxonomy":"post_tag","embeddable":true,"href":"https:\/\/demente.es\/index.php?rest_route=%2Fwp%2Fv2%2Ftags&post=337"}],"curies":[{"name":"wp","href":"https:\/\/api.w.org\/{rel}","templated":true}]}}