{"id":340,"date":"2024-10-28T11:21:56","date_gmt":"2024-10-28T11:21:56","guid":{"rendered":"https:\/\/demente.es\/?p=340"},"modified":"2024-10-28T11:53:36","modified_gmt":"2024-10-28T11:53:36","slug":"el-impacto-del-desempleo-en-la-salud-psicologica","status":"publish","type":"post","link":"https:\/\/demente.es\/?p=340","title":{"rendered":"El Impacto del Desempleo en la Salud Psicol\u00f3gica"},"content":{"rendered":"\n<p>El desempleo es una de las situaciones m\u00e1s desafiantes que puede enfrentar una persona. Su impacto va m\u00e1s all\u00e1 de la econom\u00eda y de la p\u00e9rdida de ingresos, afectando profundamente la salud mental y el bienestar emocional. La falta de empleo puede generar una combinaci\u00f3n de sentimientos negativos como inseguridad, baja autoestima, ansiedad y desesperanza, que, con el tiempo, pueden desencadenar problemas psicol\u00f3gicos m\u00e1s graves como la depresi\u00f3n y la ansiedad cr\u00f3nica.<\/p>\n\n\n<div class=\"wp-block-image\">\n<figure class=\"aligncenter size-large\"><img loading=\"lazy\" decoding=\"async\" width=\"500\" height=\"500\" src=\"https:\/\/demente.es\/wp-content\/uploads\/2024\/10\/desempleo-500x500.webp\" alt=\"\" class=\"wp-image-341\" srcset=\"https:\/\/demente.es\/wp-content\/uploads\/2024\/10\/desempleo-500x500.webp 500w, https:\/\/demente.es\/wp-content\/uploads\/2024\/10\/desempleo-300x300.webp 300w, https:\/\/demente.es\/wp-content\/uploads\/2024\/10\/desempleo-150x150.webp 150w, https:\/\/demente.es\/wp-content\/uploads\/2024\/10\/desempleo-768x768.webp 768w, https:\/\/demente.es\/wp-content\/uploads\/2024\/10\/desempleo.webp 1024w\" sizes=\"auto, (max-width: 500px) 100vw, 500px\" \/><\/figure>\n<\/div>\n\n\n<h2 class=\"wp-block-heading\">Efectos Emocionales del Desempleo<\/h2>\n\n\n\n<p>Cuando una persona pierde su empleo, puede experimentar una p\u00e9rdida de identidad, especialmente si el trabajo ocupaba un lugar importante en su vida diaria y en su autopercepci\u00f3n. Esta situaci\u00f3n puede producir un sentimiento de inutilidad y una profunda insatisfacci\u00f3n personal. Adem\u00e1s, el desempleo puede agravar problemas financieros, a\u00f1adiendo una carga adicional de estr\u00e9s que influye en el bienestar general.<\/p>\n\n\n\n<p>La inseguridad financiera y el sentimiento de incertidumbre sobre el futuro pueden llevar a una persona a dudar de sus propias habilidades y capacidades. A largo plazo, esta falta de autoconfianza puede erosionar la autoestima y provocar aislamiento, lo cual aumenta el riesgo de desarrollar ansiedad o depresi\u00f3n.<\/p>\n\n\n\n<h2 class=\"wp-block-heading\">Estrategias para Mitigar el Impacto Emocional del Desempleo<\/h2>\n\n\n\n<p>Aunque el desempleo es una situaci\u00f3n dif\u00edcil, existen estrategias que pueden ayudar a mitigar sus efectos psicol\u00f3gicos. Una de las primeras recomendaciones es establecer una <strong>rutina diaria<\/strong>. La estructura en el d\u00eda a d\u00eda ayuda a mantener la motivaci\u00f3n y a reducir el sentimiento de vac\u00edo que puede surgir tras la p\u00e9rdida del trabajo. Establecer metas alcanzables, como dedicar tiempo a la b\u00fasqueda de empleo, realizar actividades de autocuidado o aprender nuevas habilidades, tambi\u00e9n puede mejorar el estado de \u00e1nimo y fomentar una sensaci\u00f3n de progreso.<\/p>\n\n\n\n<p>Otro aspecto importante es el <strong>apoyo emocional<\/strong>. Contar con el respaldo de amigos, familiares o incluso de un terapeuta puede marcar una gran diferencia. Expresar las emociones, hablar sobre los miedos e inquietudes y recibir retroalimentaci\u00f3n positiva puede ayudar a aliviar la carga emocional que trae consigo el desempleo.<\/p>\n\n\n\n<p>La <strong>autocompasi\u00f3n<\/strong> es igualmente esencial en estos momentos. Tratarse a uno mismo con amabilidad, sin autocr\u00edtica excesiva, permite ver la situaci\u00f3n con perspectiva y aceptar que la p\u00e9rdida de empleo no define el valor personal ni las capacidades de cada uno. La autocompasi\u00f3n y el refuerzo de la autoestima facilitan una recuperaci\u00f3n emocional m\u00e1s efectiva.<\/p>\n\n\n\n<h2 class=\"wp-block-heading\">Enfocar la Energ\u00eda en el Crecimiento Personal<\/h2>\n\n\n\n<p>El desempleo puede ser una oportunidad para enfocarse en el crecimiento personal y en el desarrollo de nuevas habilidades. Aprovechar el tiempo para realizar cursos, mejorar las competencias profesionales o explorar hobbies personales puede proporcionar un sentido de prop\u00f3sito y aumentar las probabilidades de \u00e9xito en la futura b\u00fasqueda de empleo.<\/p>\n\n\n\n<h2 class=\"wp-block-heading\">El Camino hacia la Resiliencia<\/h2>\n\n\n\n<p>Finalmente, desarrollar la <strong>resiliencia<\/strong> es clave para enfrentar el desempleo. La resiliencia permite adaptarse a los cambios y sobrellevar la adversidad sin perder el equilibrio emocional. Recordar que esta situaci\u00f3n es temporal y que es posible salir fortalecido de ella ayuda a mantener una actitud positiva y a buscar soluciones proactivas.<\/p>\n\n\n\n<p>En conclusi\u00f3n, el desempleo es un desaf\u00edo complejo, pero al implementar estas estrategias es posible reducir su impacto en la salud mental y afrontar la situaci\u00f3n de manera m\u00e1s positiva y resiliente.<\/p>\n","protected":false},"excerpt":{"rendered":"<p>El desempleo es una de las situaciones m\u00e1s desafiantes que puede enfrentar una persona. Su impacto va m\u00e1s all\u00e1 de la econom\u00eda y de la p\u00e9rdida de ingresos, afectando profundamente la salud mental y el bienestar emocional. La falta de empleo puede generar una combinaci\u00f3n de sentimientos negativos como inseguridad, baja autoestima, ansiedad y desesperanza, que, con el tiempo, pueden desencadenar problemas psicol\u00f3gicos m\u00e1s graves como la depresi\u00f3n y la ansiedad cr\u00f3nica.<\/p>\n","protected":false},"author":3,"featured_media":0,"comment_status":"open","ping_status":"closed","sticky":false,"template":"","format":"standard","meta":{"footnotes":""},"categories":[3],"tags":[],"class_list":["post-340","post","type-post","status-publish","format-standard","hentry","category-opinion"],"aioseo_notices":[],"_links":{"self":[{"href":"https:\/\/demente.es\/index.php?rest_route=\/wp\/v2\/posts\/340","targetHints":{"allow":["GET"]}}],"collection":[{"href":"https:\/\/demente.es\/index.php?rest_route=\/wp\/v2\/posts"}],"about":[{"href":"https:\/\/demente.es\/index.php?rest_route=\/wp\/v2\/types\/post"}],"author":[{"embeddable":true,"href":"https:\/\/demente.es\/index.php?rest_route=\/wp\/v2\/users\/3"}],"replies":[{"embeddable":true,"href":"https:\/\/demente.es\/index.php?rest_route=%2Fwp%2Fv2%2Fcomments&post=340"}],"version-history":[{"count":1,"href":"https:\/\/demente.es\/index.php?rest_route=\/wp\/v2\/posts\/340\/revisions"}],"predecessor-version":[{"id":342,"href":"https:\/\/demente.es\/index.php?rest_route=\/wp\/v2\/posts\/340\/revisions\/342"}],"wp:attachment":[{"href":"https:\/\/demente.es\/index.php?rest_route=%2Fwp%2Fv2%2Fmedia&parent=340"}],"wp:term":[{"taxonomy":"category","embeddable":true,"href":"https:\/\/demente.es\/index.php?rest_route=%2Fwp%2Fv2%2Fcategories&post=340"},{"taxonomy":"post_tag","embeddable":true,"href":"https:\/\/demente.es\/index.php?rest_route=%2Fwp%2Fv2%2Ftags&post=340"}],"curies":[{"name":"wp","href":"https:\/\/api.w.org\/{rel}","templated":true}]}}