{"id":36,"date":"2010-12-09T18:49:09","date_gmt":"2010-12-09T18:49:09","guid":{"rendered":"https:\/\/demente.es\/?p=36"},"modified":"2010-12-09T18:49:09","modified_gmt":"2010-12-09T18:49:09","slug":"esquizofrenia","status":"publish","type":"post","link":"https:\/\/demente.es\/?p=36","title":{"rendered":"Esquizofrenia"},"content":{"rendered":"<p style=\"text-align: justify;\">De la esquizofrenia se ha escrito mucho pero en el fondo es una gran desconocida.<\/p>\n<p style=\"text-align: justify;\">Las personas que tienen esta enfermedad mental tiene afectado su tono afectivo, su conducta y la manera en la que se comunica con otras personas. Estamos m\u00e1s preparados para aceptar una enfermedad f\u00edsica antes que una ps\u00edquica, los trastornos no tienen causas conocidas y var\u00edan de una persona a otra y su tratamiento es confuso.<\/p>\n<p style=\"text-align: justify;\">Se considera un comportamiento normal todo aquella persona que actu\u00e9 como\u00a0 la mayor\u00eda de personas de su entorno, de lo contrario se considera una persona enferma. Desde el punto de vista m\u00e9dico un desorden mental ser\u00eda todo comportamiento desadaptado, que se aparta de la realidad. Desde el punto de vista social un enfermo mental no se ajustar\u00eda a su entorno.<\/p>\n<p style=\"text-align: justify;\">Las personas afectadas sufren\u00a0 grandes deterioros cognitivos, como muchas personas mayores pero estos de joven, la edad de aparici\u00f3n est\u00e1 comprendida entre los 15 a 45 a\u00f1os. Suele darse tambi\u00e9n una escisi\u00f3n en la asociaci\u00f3n de ideas o como una retirada de la realidad y de la vida social, experimentando una distorsi\u00f3n entre pensamientos y sentimientos, afecta a la persona de una forma total, por lo que la padece empieza a pensar, sentir o hablar de forma diferente a como lo hac\u00eda antes, est\u00e1 m\u00e1s aislada, puede evitar salir con los amigos, duerme mucho o poco, habla solo y se r\u00ede sin motivo aparente (no en todos los casos).<\/p>\n<p style=\"text-align: justify;\">La persona que tiene esquizofrenia\u00a0 no puede explicar lo que le est\u00e1 ocurriendo, tiene miedo de hacerlo por lo tanto no pedir\u00e1 ayuda y al principio no aceptan tomar la medicaci\u00f3n.<\/p>\n<p style=\"text-align: justify;\">Hay dos tipos de s\u00edntomas dentro de esta enfermedad:<\/p>\n<p style=\"text-align: justify;\">-S\u00edntomas positivos: alucinaciones, delirios, trastorno del pensamiento, s\u00edntomas positivos en el \u00e1mbito del\u00a0 sentimiento, s\u00edntomas positivos vegetarianos, s\u00edntomas positivos de psicomotricidad.<\/p>\n<p style=\"text-align: justify;\">-s\u00edntomas negativos: pobreza afectiva, alogia(pobreza de lenguaje) ,abulia-apat\u00eda, insociabilidad, y problemas cognitivos de la atenci\u00f3n.<a rel=\"attachment wp-att-38\" href=\"https:\/\/demente.es\/2010\/12\/esquizofrenia\/esquizofrenia-2\/\"><img loading=\"lazy\" decoding=\"async\" class=\"aligncenter size-full wp-image-38\" title=\"esquizofrenia\" src=\"https:\/\/demente.es\/wp-content\/uploads\/2010\/12\/esquizofrenia1.jpg\" alt=\"\" width=\"191\" height=\"263\" \/><\/a><\/p>\n","protected":false},"excerpt":{"rendered":"<p>De la esquizofrenia se ha escrito mucho pero en el fondo es una gran desconocida. Las personas que tienen esta enfermedad mental tiene afectado su tono afectivo, su conducta y la manera en la que se comunica con otras personas. Estamos m\u00e1s preparados para aceptar una enfermedad f\u00edsica antes que una ps\u00edquica, los trastornos no [&hellip;]<\/p>\n","protected":false},"author":2,"featured_media":0,"comment_status":"open","ping_status":"closed","sticky":false,"template":"","format":"standard","meta":{"footnotes":""},"categories":[3],"tags":[],"class_list":["post-36","post","type-post","status-publish","format-standard","hentry","category-opinion"],"aioseo_notices":[],"_links":{"self":[{"href":"https:\/\/demente.es\/index.php?rest_route=\/wp\/v2\/posts\/36","targetHints":{"allow":["GET"]}}],"collection":[{"href":"https:\/\/demente.es\/index.php?rest_route=\/wp\/v2\/posts"}],"about":[{"href":"https:\/\/demente.es\/index.php?rest_route=\/wp\/v2\/types\/post"}],"author":[{"embeddable":true,"href":"https:\/\/demente.es\/index.php?rest_route=\/wp\/v2\/users\/2"}],"replies":[{"embeddable":true,"href":"https:\/\/demente.es\/index.php?rest_route=%2Fwp%2Fv2%2Fcomments&post=36"}],"version-history":[{"count":5,"href":"https:\/\/demente.es\/index.php?rest_route=\/wp\/v2\/posts\/36\/revisions"}],"predecessor-version":[{"id":43,"href":"https:\/\/demente.es\/index.php?rest_route=\/wp\/v2\/posts\/36\/revisions\/43"}],"wp:attachment":[{"href":"https:\/\/demente.es\/index.php?rest_route=%2Fwp%2Fv2%2Fmedia&parent=36"}],"wp:term":[{"taxonomy":"category","embeddable":true,"href":"https:\/\/demente.es\/index.php?rest_route=%2Fwp%2Fv2%2Fcategories&post=36"},{"taxonomy":"post_tag","embeddable":true,"href":"https:\/\/demente.es\/index.php?rest_route=%2Fwp%2Fv2%2Ftags&post=36"}],"curies":[{"name":"wp","href":"https:\/\/api.w.org\/{rel}","templated":true}]}}