{"id":48,"date":"2010-12-13T18:58:30","date_gmt":"2010-12-13T18:58:30","guid":{"rendered":"https:\/\/demente.es\/?p=48"},"modified":"2010-12-13T18:58:31","modified_gmt":"2010-12-13T18:58:31","slug":"adolescentes-y-alcohol","status":"publish","type":"post","link":"https:\/\/demente.es\/?p=48","title":{"rendered":"Adolescentes y alcohol"},"content":{"rendered":"<p style=\"text-align: justify;\">Empiezan con una copa y terminan con botell\u00f3n semanal y comas et\u00edlicos.<\/p>\n<p style=\"text-align: justify;\">Muchos ahogan en alcohol el dolor que les produce el llegar a la adolescencia y el sentirse mal.<\/p>\n<p style=\"text-align: justify;\">Seg\u00fan las estad\u00edsticas, uno de cada tres adolescentes consume alcohol al menos una vez al mes, increment\u00e1ndose en un 70% los fines de semana para los j\u00f3venes de 16 a\u00f1os, el perfil del paciente adolescente que acude a un servicio de urgencias es de 17 a\u00f1os, con estudios primarios y que vive con su familia en el \u00e1rea metropolitana. Por lo que quitando los pocos casos de consumo por problemas familiares, las causas m\u00e1s comunes que empuja a los j\u00f3venes a beber son el formar parte de un grupo de amigos, divertirse m\u00e1s y sentirse bien, evadirse de sus problemas y responsabilidades, desinhibirse y as\u00ed hacer cosas que de otro modo no har\u00edan<\/p>\n<p style=\"text-align: justify;\">Los adolescentes niegan sufrir de alcoholismo puesto que no beben entre semana. Pero sobrepasarse todos los fines de semana y comenzar a depender de ese habito es tambi\u00e9n un tipo de alcoholismo, los padres se olvidan que somos un modelo para ellos y tenemos un papel decisivo, el de trasmitir a los hijos una educaci\u00f3n en donde aprendan los l\u00edmites adecuados y facilitar que adquieran la autonom\u00eda de un modo sano.<\/p>\n<p style=\"text-align: justify;\">\n<div id=\"attachment_49\" style=\"width: 275px\" class=\"wp-caption aligncenter\"><a rel=\"attachment wp-att-49\" href=\"https:\/\/demente.es\/2010\/12\/adolescentes-y-alcohol\/adolescencia-y-alcohol\/\"><img loading=\"lazy\" decoding=\"async\" aria-describedby=\"caption-attachment-49\" class=\"size-full wp-image-49\" title=\"adolescencia y alcohol\" src=\"https:\/\/demente.es\/wp-content\/uploads\/2010\/12\/adolescencia-y-alcohol.jpg\" alt=\"adolescencia y alcohol\" width=\"265\" height=\"190\" \/><\/a><p id=\"caption-attachment-49\" class=\"wp-caption-text\">Adolescencia y alcohol<\/p><\/div>\n<p>Datos preocupantes:<\/p>\n<p style=\"text-align: justify;\">-13,7 a\u00f1os, es la edad media de inicio del consumo de alcohol en nuestro pa\u00eds. Y de 15,1 a\u00f1os el inicio del consumo semanal.<\/p>\n<p style=\"text-align: justify;\">-Un 12,3% es \u201cbebedor de riesgo\u201d, incluyendo como tal a los chicos con un consumo de 50cc de alcohol\/d\u00eda y las chicas con 30 cc de alcohol\/d\u00eda.<\/p>\n<p style=\"text-align: justify;\">-El 58,4% consume principalmente combinados; el 34,1 por ciento prefieren las cervezas.<\/p>\n<p style=\"text-align: justify;\">-El 36,3% de los j\u00f3venes ha probado el alcohol antes de los 16 a\u00f1os.<\/p>\n<p style=\"text-align: justify;\">-58% se ha emborrachado alguna vez en su vida.<\/p>\n<p style=\"text-align: justify;\">Es un error de los padres considerarlas drogas m\u00e1s peligrosas que el alcohol, socialmente aceptado.<\/p>\n","protected":false},"excerpt":{"rendered":"<p>Empiezan con una copa y terminan con botell\u00f3n semanal y comas et\u00edlicos. Muchos ahogan en alcohol el dolor que les produce el llegar a la adolescencia y el sentirse mal. Seg\u00fan las estad\u00edsticas, uno de cada tres adolescentes consume alcohol al menos una vez al mes, increment\u00e1ndose en un 70% los fines de semana para [&hellip;]<\/p>\n","protected":false},"author":2,"featured_media":0,"comment_status":"open","ping_status":"closed","sticky":false,"template":"","format":"standard","meta":{"footnotes":""},"categories":[3],"tags":[],"class_list":["post-48","post","type-post","status-publish","format-standard","hentry","category-opinion"],"aioseo_notices":[],"_links":{"self":[{"href":"https:\/\/demente.es\/index.php?rest_route=\/wp\/v2\/posts\/48","targetHints":{"allow":["GET"]}}],"collection":[{"href":"https:\/\/demente.es\/index.php?rest_route=\/wp\/v2\/posts"}],"about":[{"href":"https:\/\/demente.es\/index.php?rest_route=\/wp\/v2\/types\/post"}],"author":[{"embeddable":true,"href":"https:\/\/demente.es\/index.php?rest_route=\/wp\/v2\/users\/2"}],"replies":[{"embeddable":true,"href":"https:\/\/demente.es\/index.php?rest_route=%2Fwp%2Fv2%2Fcomments&post=48"}],"version-history":[{"count":2,"href":"https:\/\/demente.es\/index.php?rest_route=\/wp\/v2\/posts\/48\/revisions"}],"predecessor-version":[{"id":51,"href":"https:\/\/demente.es\/index.php?rest_route=\/wp\/v2\/posts\/48\/revisions\/51"}],"wp:attachment":[{"href":"https:\/\/demente.es\/index.php?rest_route=%2Fwp%2Fv2%2Fmedia&parent=48"}],"wp:term":[{"taxonomy":"category","embeddable":true,"href":"https:\/\/demente.es\/index.php?rest_route=%2Fwp%2Fv2%2Fcategories&post=48"},{"taxonomy":"post_tag","embeddable":true,"href":"https:\/\/demente.es\/index.php?rest_route=%2Fwp%2Fv2%2Ftags&post=48"}],"curies":[{"name":"wp","href":"https:\/\/api.w.org\/{rel}","templated":true}]}}