{"id":54,"date":"2010-12-15T17:20:47","date_gmt":"2010-12-15T17:20:47","guid":{"rendered":"https:\/\/demente.es\/?p=54"},"modified":"2010-12-15T17:20:57","modified_gmt":"2010-12-15T17:20:57","slug":"cuando-el-paciente-es-toda-la-familia","status":"publish","type":"post","link":"https:\/\/demente.es\/?p=54","title":{"rendered":"Cuando el paciente es toda la familia."},"content":{"rendered":"<p style=\"text-align: justify;\">\n<div id=\"attachment_55\" style=\"width: 206px\" class=\"wp-caption aligncenter\"><a rel=\"attachment wp-att-55\" href=\"https:\/\/demente.es\/2010\/12\/cuando-el-paciente-es-toda-la-familia\/terapia-familiar\/\"><img loading=\"lazy\" decoding=\"async\" aria-describedby=\"caption-attachment-55\" class=\"size-full wp-image-55\" title=\"terapia familiar\" src=\"https:\/\/demente.es\/wp-content\/uploads\/2010\/12\/terapia-familiar.jpg\" alt=\"cuando el paciente es todala familia\" width=\"196\" height=\"189\" \/><\/a><p id=\"caption-attachment-55\" class=\"wp-caption-text\">terapia familiar<\/p><\/div>\n<p style=\"text-align: justify;\">A veces, el sufrimiento de un miembro de la familia enmascara una alteraci\u00f3n del grupo. Por eso es tan importante poder hablar abiertamente de los malos entendidos, de las falsas creencias y del miedo al cambio.<\/p>\n<p style=\"text-align: justify;\">Cuando sucede alg\u00fan desarreglo, en el n\u00facleo familiar repercute en el bienestar psicol\u00f3gico y f\u00edsico de las personas, para el 90% de personas encuestadas en Espa\u00f1a el estar bien con la pareja y disfrutar del tiempo libre en familia es \u201clo m\u00e1s importante\u201d. El hecho de tener un miembro de la familia afectado por una enfermedad cr\u00f3nica (f\u00edsica o ps\u00edquica), un divorcio o una separaci\u00f3n familiar, problemas escolares, situaciones estresantes como el paro o el no poder pagar la hipoteca de tu casa, la hospitalizaci\u00f3n de un ni\u00f1o, la muerte de un familiar, o incluso situaciones como periodos vacacionales o fiestas familiares (sobre todo la Navidad), provocan crisis en la familia y del individuo.<\/p>\n<p style=\"text-align: justify;\">La familia es el sistema humano de apoyo mejor dotado de capacidad de superaci\u00f3n que conocemos, permite una comunicaci\u00f3n, cohesi\u00f3n y adaptabilidad que acompa\u00f1a al individuo a lo largo de su ciclo vital. Es de sentido com\u00fan reconocer que lo que pasa a la familia afecta al individuo, y viceversa. Sin embargo, no resulta tan habitual buscar ayuda y decidirse a acudir a un profesional especializado en esta forma de psicoterapia.<\/p>\n<p style=\"text-align: justify;\">En las sesiones de terapia familiar o terapia de pareja, el terapeuta trabaja con todo el conjunto de personas que influyen y son influenciados por un problema que\u00a0 les hace buscar ayuda: trastornos de alimentaci\u00f3n o enfermedades mentales graves como la depresi\u00f3n son circunstancias en las que el abordaje familiar se considera imprescindible para su tratamiento y reduce el sufrimiento y los riesgos de problemas adicionales en otros familiares.<\/p>\n<p style=\"text-align: justify;\">Entre otras cosas los individuos no acceden a estas terapias, pues seg\u00fan la experiencia y el prestigio del terapeuta, se pueden encontrar diferencias de precio importante y mucha gente no puede acceder a ellas.<\/p>\n","protected":false},"excerpt":{"rendered":"<p>A veces, el sufrimiento de un miembro de la familia enmascara una alteraci\u00f3n del grupo. Por eso es tan importante poder hablar abiertamente de los malos entendidos, de las falsas creencias y del miedo al cambio. Cuando sucede alg\u00fan desarreglo, en el n\u00facleo familiar repercute en el bienestar psicol\u00f3gico y f\u00edsico de las personas, para [&hellip;]<\/p>\n","protected":false},"author":2,"featured_media":0,"comment_status":"open","ping_status":"closed","sticky":false,"template":"","format":"standard","meta":{"footnotes":""},"categories":[3],"tags":[],"class_list":["post-54","post","type-post","status-publish","format-standard","hentry","category-opinion"],"aioseo_notices":[],"_links":{"self":[{"href":"https:\/\/demente.es\/index.php?rest_route=\/wp\/v2\/posts\/54","targetHints":{"allow":["GET"]}}],"collection":[{"href":"https:\/\/demente.es\/index.php?rest_route=\/wp\/v2\/posts"}],"about":[{"href":"https:\/\/demente.es\/index.php?rest_route=\/wp\/v2\/types\/post"}],"author":[{"embeddable":true,"href":"https:\/\/demente.es\/index.php?rest_route=\/wp\/v2\/users\/2"}],"replies":[{"embeddable":true,"href":"https:\/\/demente.es\/index.php?rest_route=%2Fwp%2Fv2%2Fcomments&post=54"}],"version-history":[{"count":5,"href":"https:\/\/demente.es\/index.php?rest_route=\/wp\/v2\/posts\/54\/revisions"}],"predecessor-version":[{"id":60,"href":"https:\/\/demente.es\/index.php?rest_route=\/wp\/v2\/posts\/54\/revisions\/60"}],"wp:attachment":[{"href":"https:\/\/demente.es\/index.php?rest_route=%2Fwp%2Fv2%2Fmedia&parent=54"}],"wp:term":[{"taxonomy":"category","embeddable":true,"href":"https:\/\/demente.es\/index.php?rest_route=%2Fwp%2Fv2%2Fcategories&post=54"},{"taxonomy":"post_tag","embeddable":true,"href":"https:\/\/demente.es\/index.php?rest_route=%2Fwp%2Fv2%2Ftags&post=54"}],"curies":[{"name":"wp","href":"https:\/\/api.w.org\/{rel}","templated":true}]}}