{"id":8,"date":"2010-12-09T16:51:34","date_gmt":"2010-12-09T16:51:34","guid":{"rendered":"https:\/\/demente.es\/?p=8"},"modified":"2010-12-09T17:00:10","modified_gmt":"2010-12-09T17:00:10","slug":"vale-ya-de-tabues-demos-un-paso-mas","status":"publish","type":"post","link":"https:\/\/demente.es\/?p=8","title":{"rendered":"VALE YA DE TABUES, DEMOS UN PASO M\u00c1S."},"content":{"rendered":"<p style=\"text-align: justify;\">Mi intenci\u00f3n con este articulo en esta web, es dar a conocer a la gente o por lo menos intentarlo este mundo tan tab\u00fa y desconocido para muchos y por qu\u00e9.<\/p>\n<p style=\"text-align: justify;\">En esta sociedad tan consumista, en la que la mayor\u00eda de la poblaci\u00f3n tiene que ser \u201cbonita y maravillosa\u201d, que se esconde detr\u00e1s que no queremos ver; pues un \u00edndice de suicidios muy superior al de los accidentes de tr\u00e1fico.<\/p>\n<p style=\"text-align: justify;\">Un 25% de la poblaci\u00f3n adulta necesita alg\u00fan tipo de tratamiento ps\u00edquico. Hay que intentar ofrecer a las personas una serie de consejos sobre dicha enfermedad, detectarla lo antes posible es primordial, muchos problemas de salud-mental se pueden prevenir si se aborda de forma precoz, intentando sea m\u00e1s sencillo el convivir y tratar este tipo de enfermedad.<\/p>\n<p style=\"text-align: justify;\"><a rel=\"attachment wp-att-14\" href=\"https:\/\/demente.es\/2010\/12\/vale-ya-de-tabues-demos-un-paso-mas\/tabues\/\"><img loading=\"lazy\" decoding=\"async\" class=\"aligncenter size-medium wp-image-14\" title=\"tabues\" src=\"https:\/\/demente.es\/wp-content\/uploads\/2010\/12\/tabues-300x236.jpg\" alt=\"tabues\" width=\"300\" height=\"236\" srcset=\"https:\/\/demente.es\/wp-content\/uploads\/2010\/12\/tabues-300x236.jpg 300w, https:\/\/demente.es\/wp-content\/uploads\/2010\/12\/tabues.jpg 380w\" sizes=\"auto, (max-width: 300px) 100vw, 300px\" \/><\/a><\/p>\n<p style=\"text-align: justify;\">La sociedad tiene que aprender a tratarlos, no como pirados, ni locos, sino como cualquier enfermo que necesita de nuestra ayuda y sobre todo importante comprensi\u00f3n.<\/p>\n<p style=\"text-align: justify;\">Para as\u00ed llegar a integrarlos nuevamente en nuestra sociedad. Con comprensi\u00f3n, cari\u00f1o y sobre todo respeto, mucho respeto, junto con un tratamiento eficaz para salir para adelante.<\/p>\n<p style=\"text-align: justify;\">Somos personas y por lo tanto vulnerables, te has puesto has puesto a pensar que el siguiente puede ser cualquiera de nosotros.<\/p>\n<p style=\"text-align: justify;\">Actualmente hay 450 millones de personas en el mundo seg\u00fan la organizaci\u00f3n mundial de la salud que sufren trastornos mentales o neurol\u00f3gicos, o que padecen problemas psicosociales, como el consumo de alcohol y el abuso de drogas que supone un desencadenante m\u00e1s en el origen de dicho trastorno.<\/p>\n<p style=\"text-align: justify;\">Los enfermos mentales, son creados por la sociedad y, por lo tanto debe de ser ella, la que les cuide y de la voz de alarma. \u00bfQu\u00e9 est\u00e1 pasando en nuestra sociedad?\u00a0 , nos lo tenemos que preguntar casi a diario.<\/p>\n<p style=\"text-align: justify;\">Intentemos abordarla desde una nueva perspectiva, si lo hacemos entre todos lo lograremos.<\/p>\n","protected":false},"excerpt":{"rendered":"<p>Mi intenci\u00f3n con este articulo en esta web, es dar a conocer a la gente o por lo menos intentarlo este mundo tan tab\u00fa y desconocido para muchos y por qu\u00e9. En esta sociedad tan consumista, en la que la mayor\u00eda de la poblaci\u00f3n tiene que ser \u201cbonita y maravillosa\u201d, que se esconde detr\u00e1s que [&hellip;]<\/p>\n","protected":false},"author":2,"featured_media":0,"comment_status":"open","ping_status":"closed","sticky":false,"template":"","format":"standard","meta":{"footnotes":""},"categories":[3],"tags":[],"class_list":["post-8","post","type-post","status-publish","format-standard","hentry","category-opinion"],"aioseo_notices":[],"_links":{"self":[{"href":"https:\/\/demente.es\/index.php?rest_route=\/wp\/v2\/posts\/8","targetHints":{"allow":["GET"]}}],"collection":[{"href":"https:\/\/demente.es\/index.php?rest_route=\/wp\/v2\/posts"}],"about":[{"href":"https:\/\/demente.es\/index.php?rest_route=\/wp\/v2\/types\/post"}],"author":[{"embeddable":true,"href":"https:\/\/demente.es\/index.php?rest_route=\/wp\/v2\/users\/2"}],"replies":[{"embeddable":true,"href":"https:\/\/demente.es\/index.php?rest_route=%2Fwp%2Fv2%2Fcomments&post=8"}],"version-history":[{"count":3,"href":"https:\/\/demente.es\/index.php?rest_route=\/wp\/v2\/posts\/8\/revisions"}],"predecessor-version":[{"id":16,"href":"https:\/\/demente.es\/index.php?rest_route=\/wp\/v2\/posts\/8\/revisions\/16"}],"wp:attachment":[{"href":"https:\/\/demente.es\/index.php?rest_route=%2Fwp%2Fv2%2Fmedia&parent=8"}],"wp:term":[{"taxonomy":"category","embeddable":true,"href":"https:\/\/demente.es\/index.php?rest_route=%2Fwp%2Fv2%2Fcategories&post=8"},{"taxonomy":"post_tag","embeddable":true,"href":"https:\/\/demente.es\/index.php?rest_route=%2Fwp%2Fv2%2Ftags&post=8"}],"curies":[{"name":"wp","href":"https:\/\/api.w.org\/{rel}","templated":true}]}}