{"id":82,"date":"2010-12-27T15:55:36","date_gmt":"2010-12-27T15:55:36","guid":{"rendered":"https:\/\/demente.es\/?p=82"},"modified":"2010-12-27T15:55:36","modified_gmt":"2010-12-27T15:55:36","slug":"la-navidad-y-algo-mas%e2%80%a6","status":"publish","type":"post","link":"https:\/\/demente.es\/?p=82","title":{"rendered":"La Navidad y algo m\u00e1s\u2026"},"content":{"rendered":"<p style=\"text-align: justify;\">La Navidad es el momento del a\u00f1o que mayor carga afectiva nos proyecta y la intensidad de las emociones es mucho mayor. Para muchos, evoca sentimientos de alegr\u00eda; y para otros, como en tu caso, es un momento de tristeza y soledad que evoca recuerdos o amarguras del pasado dormidas el resto del a\u00f1o. Pero vivirla de una u otra forma, depende mucho de ti.<\/p>\n<p style=\"text-align: justify;\">Durante estos d\u00edas la tristeza suele llegar a trav\u00e9s de tres hechos muy significativos: la ausencia de los seres queridos, los recuerdos, la soledad.<\/p>\n<p style=\"text-align: justify;\">En esta \u00e9poca, la ausencia de algunos seres queridos ocupa un primer plano. Los familiares fallecidos y los que se encuentran lejos son especialmente recordados. Tambi\u00e9n la ausencia de la pareja: viudedad, separaci\u00f3n o divorcio son determinantes para el abatimiento y la depresi\u00f3n.<\/p>\n<p style=\"text-align: justify;\">Respecto a los recuerdos, la Navidad, con su marcado car\u00e1cter familiar, es capaz de arrancar de los subconscientes sentimientos muy complejos. Revive la felicidad de la infancia, pero tambi\u00e9n las frustraciones y traumas. Si esos sentimientos vienen acompa\u00f1ados de odio, rencor o culpabilidad, alteran el humor.<\/p>\n<p style=\"text-align: justify;\">\n<div id=\"attachment_83\" style=\"width: 273px\" class=\"wp-caption aligncenter\"><a rel=\"attachment wp-att-83\" href=\"https:\/\/demente.es\/2010\/12\/la-navidad-y-algo-mas%e2%80%a6\/depresion-en-navidad\/\"><img loading=\"lazy\" decoding=\"async\" aria-describedby=\"caption-attachment-83\" class=\"size-full wp-image-83\" title=\"DEPRESION EN NAVIDAD\" src=\"https:\/\/demente.es\/wp-content\/uploads\/2010\/12\/DEPRESION-EN-NAVIDAD.jpg\" alt=\"DEPRESION EN NAVIDAD\" width=\"263\" height=\"192\" \/><\/a><p id=\"caption-attachment-83\" class=\"wp-caption-text\">La depre de la navidad<\/p><\/div>\n<p style=\"text-align: justify;\">Sobre la soledad, es el peor enemigo de muchas personas que en estos d\u00edas deber\u00edan olvidar los conflictos, se\u00a0 sentir\u00edan mejor y har\u00edan m\u00e1s felices a los dem\u00e1s.<\/p>\n<p style=\"text-align: justify;\">Integrarte en las fiestas te puede animar a cuidar m\u00e1s su aspecto y los peque\u00f1os detalles o a preparar una cena con ilusi\u00f3n y sobre todo es un ant\u00eddoto contra los pensamientos depresivos.<\/p>\n<p style=\"text-align: justify;\">Para alejar esa tristeza, esfu\u00e9rzate por desterrar cualquier pensamiento negativo que venga a tu cabeza. Para ello, c\u00e1mbialo de inmediato por otro que evoque la alegr\u00eda y trae a tu mente tus buenos recuerdos, tus proyectos y tus ilusiones. No es f\u00e1cil, pero en tus manos est\u00e1 tomar las riendas de tus d\u00edas. Esta econom\u00eda de vida te ahorrara alg\u00fan disgusto y te alimentara la paciencia. FELIZ NAVIDAD.<\/p>\n","protected":false},"excerpt":{"rendered":"<p>La Navidad es el momento del a\u00f1o que mayor carga afectiva nos proyecta y la intensidad de las emociones es mucho mayor. Para muchos, evoca sentimientos de alegr\u00eda; y para otros, como en tu caso, es un momento de tristeza y soledad que evoca recuerdos o amarguras del pasado dormidas el resto del a\u00f1o. Pero [&hellip;]<\/p>\n","protected":false},"author":2,"featured_media":0,"comment_status":"open","ping_status":"closed","sticky":false,"template":"","format":"standard","meta":{"footnotes":""},"categories":[3],"tags":[],"class_list":["post-82","post","type-post","status-publish","format-standard","hentry","category-opinion"],"aioseo_notices":[],"_links":{"self":[{"href":"https:\/\/demente.es\/index.php?rest_route=\/wp\/v2\/posts\/82","targetHints":{"allow":["GET"]}}],"collection":[{"href":"https:\/\/demente.es\/index.php?rest_route=\/wp\/v2\/posts"}],"about":[{"href":"https:\/\/demente.es\/index.php?rest_route=\/wp\/v2\/types\/post"}],"author":[{"embeddable":true,"href":"https:\/\/demente.es\/index.php?rest_route=\/wp\/v2\/users\/2"}],"replies":[{"embeddable":true,"href":"https:\/\/demente.es\/index.php?rest_route=%2Fwp%2Fv2%2Fcomments&post=82"}],"version-history":[{"count":2,"href":"https:\/\/demente.es\/index.php?rest_route=\/wp\/v2\/posts\/82\/revisions"}],"predecessor-version":[{"id":85,"href":"https:\/\/demente.es\/index.php?rest_route=\/wp\/v2\/posts\/82\/revisions\/85"}],"wp:attachment":[{"href":"https:\/\/demente.es\/index.php?rest_route=%2Fwp%2Fv2%2Fmedia&parent=82"}],"wp:term":[{"taxonomy":"category","embeddable":true,"href":"https:\/\/demente.es\/index.php?rest_route=%2Fwp%2Fv2%2Fcategories&post=82"},{"taxonomy":"post_tag","embeddable":true,"href":"https:\/\/demente.es\/index.php?rest_route=%2Fwp%2Fv2%2Ftags&post=82"}],"curies":[{"name":"wp","href":"https:\/\/api.w.org\/{rel}","templated":true}]}}