{"id":98,"date":"2011-01-10T16:03:29","date_gmt":"2011-01-10T16:03:29","guid":{"rendered":"https:\/\/demente.es\/?p=98"},"modified":"2011-01-10T16:03:29","modified_gmt":"2011-01-10T16:03:29","slug":"un-punto-de-confesion","status":"publish","type":"post","link":"https:\/\/demente.es\/?p=98","title":{"rendered":"Un punto de confesi\u00f3n."},"content":{"rendered":"<p style=\"text-align: justify;\">Necesitamos de los dem\u00e1s, de la palabra de los otros, de su mano tendida, de su cercan\u00eda. Frente a la idea de que uno se basta por s\u00ed mismo para resolver los asuntos, yo creo que siempre necesitamos tener a mano a alguien, como se tiene un libro, un amigo y una buena palabra.<\/p>\n<p style=\"text-align: justify;\">Hay muchos medios internet\u2026.pero no estoy segura de que haya una relaci\u00f3n directa y personal entre la gente, no hay espacios propicios para conversar.\u00a0 Nos contamos cosas, pero es dif\u00edcil entrar en conversaci\u00f3n con alguien.<\/p>\n<p style=\"text-align: justify;\">Siempre estamos negociando las distancias, previniendo, manteniendo a buen recaudo al otro y nos equivocamos, a veces tambi\u00e9n te puedes equivocar por exceso de proximidad.<\/p>\n<p style=\"text-align: justify;\">\n<div id=\"attachment_99\" style=\"width: 269px\" class=\"wp-caption aligncenter\"><a rel=\"attachment wp-att-99\" href=\"https:\/\/demente.es\/2011\/01\/un-punto-de-confesion\/conversaciones\/\"><img loading=\"lazy\" decoding=\"async\" aria-describedby=\"caption-attachment-99\" class=\"size-full wp-image-99\" title=\"conversaciones\" src=\"https:\/\/demente.es\/wp-content\/uploads\/2011\/01\/conversaciones.jpg\" alt=\"\" width=\"259\" height=\"194\" \/><\/a><p id=\"caption-attachment-99\" class=\"wp-caption-text\">Conversaciones<\/p><\/div>\n<p style=\"text-align: justify;\">Vivimos en unas \u00a0sociedades muy tibias, muy grises, muy ap\u00e1ticas, indiferentes donde hay muy poca gente que apueste y luche por lo que cree, y luego las relaciones personales son muy convencionales, muy tipificadas, estandarizadas\u2026.En esta situaci\u00f3n encontrarse a alguien con serena pasi\u00f3n me parece muy atractivo.<\/p>\n<p style=\"text-align: justify;\">En esta sociedad no es que \u201cestemos solos\u201d, sino que \u201csomos solos\u201d. Nadie vivir\u00e1 tu propia palabra, tu vida y tu muerte. Quien no asuma esto acabar\u00e1 echando la culpa a su entorno de su soledad. Cuando se asume la soledad uno puede ser muy comunicativo, pero en general solemos echarle la culpa a otros de nuestra soledad.<\/p>\n<p style=\"text-align: justify;\">Un hombre que no sue\u00f1a, ni r\u00ede es un peligro p\u00fablico. Es importante la capacidad de so\u00f1ar, de desear m\u00e1s all\u00e1 de lo razonable, y es determinante re\u00edr y encontrar a alguien con quien hacerlo.Reir y so\u00f1ar son signos de salud.<\/p>\n<p style=\"text-align: justify;\">Lo que m\u00e1s me exaspera de esta sociedad es la injusticia, que est\u00e1 unida a la miseria y a la ignorancia, junto con la pobreza, las guerras y el dolor. Esta injusticia est\u00e1 acompa\u00f1ada\u00a0 por la falta de libertad. Lo que me llama la atenci\u00f3n es la naturalidad con la que vivimos y lo poco que nos da que hablar. Hablamos de cualquier cosa, pero no afrontamos hacer un mundo m\u00e1s justo.<\/p>\n","protected":false},"excerpt":{"rendered":"<p>Necesitamos de los dem\u00e1s, de la palabra de los otros, de su mano tendida, de su cercan\u00eda. Frente a la idea de que uno se basta por s\u00ed mismo para resolver los asuntos, yo creo que siempre necesitamos tener a mano a alguien, como se tiene un libro, un amigo y una buena palabra. Hay [&hellip;]<\/p>\n","protected":false},"author":2,"featured_media":0,"comment_status":"open","ping_status":"closed","sticky":false,"template":"","format":"standard","meta":{"footnotes":""},"categories":[3],"tags":[],"class_list":["post-98","post","type-post","status-publish","format-standard","hentry","category-opinion"],"aioseo_notices":[],"_links":{"self":[{"href":"https:\/\/demente.es\/index.php?rest_route=\/wp\/v2\/posts\/98","targetHints":{"allow":["GET"]}}],"collection":[{"href":"https:\/\/demente.es\/index.php?rest_route=\/wp\/v2\/posts"}],"about":[{"href":"https:\/\/demente.es\/index.php?rest_route=\/wp\/v2\/types\/post"}],"author":[{"embeddable":true,"href":"https:\/\/demente.es\/index.php?rest_route=\/wp\/v2\/users\/2"}],"replies":[{"embeddable":true,"href":"https:\/\/demente.es\/index.php?rest_route=%2Fwp%2Fv2%2Fcomments&post=98"}],"version-history":[{"count":2,"href":"https:\/\/demente.es\/index.php?rest_route=\/wp\/v2\/posts\/98\/revisions"}],"predecessor-version":[{"id":101,"href":"https:\/\/demente.es\/index.php?rest_route=\/wp\/v2\/posts\/98\/revisions\/101"}],"wp:attachment":[{"href":"https:\/\/demente.es\/index.php?rest_route=%2Fwp%2Fv2%2Fmedia&parent=98"}],"wp:term":[{"taxonomy":"category","embeddable":true,"href":"https:\/\/demente.es\/index.php?rest_route=%2Fwp%2Fv2%2Fcategories&post=98"},{"taxonomy":"post_tag","embeddable":true,"href":"https:\/\/demente.es\/index.php?rest_route=%2Fwp%2Fv2%2Ftags&post=98"}],"curies":[{"name":"wp","href":"https:\/\/api.w.org\/{rel}","templated":true}]}}